{"id":30937,"date":"2024-10-26T10:10:17","date_gmt":"2024-10-26T16:10:17","guid":{"rendered":"https:\/\/gerardoduque.com.mx\/?p=30937"},"modified":"2024-10-26T10:10:22","modified_gmt":"2024-10-26T16:10:22","slug":"inician-programa-en-apoyo-a-productores-caferaleros-de-la-huasteca","status":"publish","type":"post","link":"https:\/\/gerardoduque.com.mx\/?p=30937","title":{"rendered":"INICIAN PROGRAMA EN APOYO A PRODUCTORES CAFERALEROS DE LA HUASTECA \u00a0"},"content":{"rendered":"\n<p>La Secretar\u00eda de Desarrollo Agropecuario y Recursos Hidr\u00e1ulicos entreg\u00f3 m\u00e1s de un mill\u00f3n de cafetos resistentes a distintas plagas y enfermedades, como parte del programa especial de Repoblando con caf\u00e9, para ampliar la productividad del cultivo de m\u00e1s de 960 productores cafetaleros de siete municipios de la Huasteca.<\/p>\n\n\n\n<p>El titular de la Sedarh Jorge Luis D\u00edaz Salinas, entreg\u00f3 los cafetos resistentes a las familias de Xilitla, Aquism\u00f3n, Axtla, Coxcatl\u00e1n, Matlapa, Huehuetl\u00e1n y Tamazunchale, para repoblar 540 hect\u00e1reas de cafetales.<\/p>\n\n\n\n<p>El programa inici\u00f3 en febrero de este 2024 con la siembra de la semilla mejorada, y contin\u00faa con el cultivo de un mill\u00f3n 80 mil plantas de caf\u00e9 Colombia, Sarchimor y Costa Rica 95.<\/p>\n\n\n\n<p>Este programa fomenta el desarrollo agropecuario y mejorar los ingresos de los productores de regiones rurales e ind\u00edgenas de San Luis Potos\u00ed, que permite tener un cultivo de calidad para el consumidor, como lo establece el Plan Estatal de Desarrollo del Estado 2021-2027, en su eje Campo Sostenible.<\/p>\n","protected":false},"excerpt":{"rendered":"<p>Implementan el programa Repoblando con caf\u00e9, en apoyo a 960 productores de siete municipios.<\/p>\n","protected":false},"author":4,"featured_media":30938,"comment_status":"closed","ping_status":"closed","sticky":false,"template":"","format":"standard","meta":{"_et_pb_use_builder":"off","_et_pb_old_content":"","_et_gb_content_width":"","footnotes":""},"categories":[280],"tags":[72,66,234],"class_list":["post-30937","post","type-post","status-publish","format-standard","has-post-thumbnail","hentry","category-gob-slp","tag-gobierno-del-estado","tag-san-luis-potosi","tag-sedarh"],"_links":{"self":[{"href":"https:\/\/gerardoduque.com.mx\/index.php?rest_route=\/wp\/v2\/posts\/30937","targetHints":{"allow":["GET"]}}],"collection":[{"href":"https:\/\/gerardoduque.com.mx\/index.php?rest_route=\/wp\/v2\/posts"}],"about":[{"href":"https:\/\/gerardoduque.com.mx\/index.php?rest_route=\/wp\/v2\/types\/post"}],"author":[{"embeddable":true,"href":"https:\/\/gerardoduque.com.mx\/index.php?rest_route=\/wp\/v2\/users\/4"}],"replies":[{"embeddable":true,"href":"https:\/\/gerardoduque.com.mx\/index.php?rest_route=%2Fwp%2Fv2%2Fcomments&post=30937"}],"version-history":[{"count":0,"href":"https:\/\/gerardoduque.com.mx\/index.php?rest_route=\/wp\/v2\/posts\/30937\/revisions"}],"wp:featuredmedia":[{"embeddable":true,"href":"https:\/\/gerardoduque.com.mx\/index.php?rest_route=\/wp\/v2\/media\/30938"}],"wp:attachment":[{"href":"https:\/\/gerardoduque.com.mx\/index.php?rest_route=%2Fwp%2Fv2%2Fmedia&parent=30937"}],"wp:term":[{"taxonomy":"category","embeddable":true,"href":"https:\/\/gerardoduque.com.mx\/index.php?rest_route=%2Fwp%2Fv2%2Fcategories&post=30937"},{"taxonomy":"post_tag","embeddable":true,"href":"https:\/\/gerardoduque.com.mx\/index.php?rest_route=%2Fwp%2Fv2%2Ftags&post=30937"}],"curies":[{"name":"wp","href":"https:\/\/api.w.org\/{rel}","templated":true}]}}