{"id":30934,"date":"2024-10-26T10:06:08","date_gmt":"2024-10-26T16:06:08","guid":{"rendered":"https:\/\/gerardoduque.com.mx\/?p=30934"},"modified":"2024-10-26T10:06:12","modified_gmt":"2024-10-26T16:06:12","slug":"todo-listo-para-desfile-de-xantolo-2024","status":"publish","type":"post","link":"https:\/\/gerardoduque.com.mx\/?p=30934","title":{"rendered":"TODO LISTO PARA DESFILE DE XANTOLO 2024"},"content":{"rendered":"\n<p>Este s\u00e1bado 26 de octubre, con m\u00e1s de tres mil participantes, la avenida Venustiano Carranza ser\u00e1 sede del monumental desfile de Xantolo, que comenzar\u00e1 a las 16:00 horas desde el parque de Morales hasta la plaza de Fundadores, por lo que la Secretar\u00eda de Educaci\u00f3n de Gobierno del Estado, encargada del evento, invita a los potosinos a apreciar y sumarse a esta actividad.<\/p>\n\n\n\n<p>En el Festival Xantolo se vive en tu Ciudad, para la difusi\u00f3n de la tradici\u00f3n de D\u00eda de Muertos, el magno desfile presentar\u00e1 tambi\u00e9n el pa\u00eds invitado de Colombia y el Estado de Puebla, adem\u00e1s de la transmisi\u00f3n en redes sociales y en canales locales de Colombia, Puebla y Estados Unidos dando difusi\u00f3n internacional a las tradiciones inform\u00f3 el titular de la SEGE, Juan Carlos Torres Cedillo.<\/p>\n\n\n\n<p>Esta fiesta colorida, de ambiente familiar y con representaciones art\u00edsticas de comparsas de la huasteca potosina, bailables y disfraces alusivos a Xantolo ser\u00e1 el broche de oro del festival Xantolo se vive en tu ciudad.<\/p>\n","protected":false},"excerpt":{"rendered":"<p>Con la participaci\u00f3n de m\u00e1s de tres mil personas, el magno evento ser\u00e1 este s\u00e1bado 26 de octubre a las 16:00 horas.<\/p>\n","protected":false},"author":4,"featured_media":30935,"comment_status":"closed","ping_status":"closed","sticky":false,"template":"","format":"standard","meta":{"_et_pb_use_builder":"off","_et_pb_old_content":"","_et_gb_content_width":"","footnotes":""},"categories":[280],"tags":[72,66,196],"class_list":["post-30934","post","type-post","status-publish","format-standard","has-post-thumbnail","hentry","category-gob-slp","tag-gobierno-del-estado","tag-san-luis-potosi","tag-sege"],"_links":{"self":[{"href":"https:\/\/gerardoduque.com.mx\/index.php?rest_route=\/wp\/v2\/posts\/30934","targetHints":{"allow":["GET"]}}],"collection":[{"href":"https:\/\/gerardoduque.com.mx\/index.php?rest_route=\/wp\/v2\/posts"}],"about":[{"href":"https:\/\/gerardoduque.com.mx\/index.php?rest_route=\/wp\/v2\/types\/post"}],"author":[{"embeddable":true,"href":"https:\/\/gerardoduque.com.mx\/index.php?rest_route=\/wp\/v2\/users\/4"}],"replies":[{"embeddable":true,"href":"https:\/\/gerardoduque.com.mx\/index.php?rest_route=%2Fwp%2Fv2%2Fcomments&post=30934"}],"version-history":[{"count":0,"href":"https:\/\/gerardoduque.com.mx\/index.php?rest_route=\/wp\/v2\/posts\/30934\/revisions"}],"wp:featuredmedia":[{"embeddable":true,"href":"https:\/\/gerardoduque.com.mx\/index.php?rest_route=\/wp\/v2\/media\/30935"}],"wp:attachment":[{"href":"https:\/\/gerardoduque.com.mx\/index.php?rest_route=%2Fwp%2Fv2%2Fmedia&parent=30934"}],"wp:term":[{"taxonomy":"category","embeddable":true,"href":"https:\/\/gerardoduque.com.mx\/index.php?rest_route=%2Fwp%2Fv2%2Fcategories&post=30934"},{"taxonomy":"post_tag","embeddable":true,"href":"https:\/\/gerardoduque.com.mx\/index.php?rest_route=%2Fwp%2Fv2%2Ftags&post=30934"}],"curies":[{"name":"wp","href":"https:\/\/api.w.org\/{rel}","templated":true}]}}