{"id":30922,"date":"2024-10-26T06:48:57","date_gmt":"2024-10-26T12:48:57","guid":{"rendered":"https:\/\/gerardoduque.com.mx\/?p=30922"},"modified":"2024-10-26T06:49:01","modified_gmt":"2024-10-26T12:49:01","slug":"ofrecen-foros-academicos-por-conmemoracion-de-xantolo","status":"publish","type":"post","link":"https:\/\/gerardoduque.com.mx\/?p=30922","title":{"rendered":"OFRECEN FOROS ACAD\u00c9MICOS POR CONMEMORACI\u00d3N DE XANTOLO"},"content":{"rendered":"\n<p>La Secretar\u00eda de Cultura inici\u00f3 los foros acad\u00e9micos en la Casa del poeta Ram\u00f3n L\u00f3pez Velarde, ubicada en calle Pedro Vallejo 300, esquina Ignacio L\u00f3pez Ray\u00f3n, con entrada libre, en el esfuerzo de reflexionar y conocer m\u00e1s sobre los aportes culturales de las festividades de D\u00eda de Muertos y Xantolo<\/p>\n\n\n\n<p>Este jueves iniciaron estas actividades con el foro donde expusieron los temas: \u201cPuesta en valor del Xantolo como patrimonio cultural de la Huasteca\u201d por Miguel \u00c1ngel Yoshio Iwadare Iijima (ICICH ICOMOS); \u201cEl Xantolo: un ritual dom\u00e9stico\u201d por Pablo Uriel Mancilla Reyna (doctorante del Programa de Estudios Antropol\u00f3gicos, Colsan); y, \u201cXantolo, T&#8217;samnek ajib o Mijkailjuitl. Reflexiones en torno a la patrimonializaci\u00f3n de las festividades ind\u00edgenas del d\u00eda de muertos en la Huasteca potosina\u201d, por Alfonso Mart\u00ednez Trevi\u00f1o (posdoctorante maestr\u00eda en Derechos Humanos, UASLP).<\/p>\n\n\n\n<p>Para este viernes 25 de octubre a las 12:00 horas, el foro expondr\u00e1 \u201cLa presencia de la muerte en la literatura, cuentos, cantos y relatos\u201d por Alejandra Camacho Ruan (Programa de Estudios Literarios, Colsan); \u201cDanza de Huehues, Coles o Viejada\u201d por Aurora Karina Mart\u00ednez Mendoza (Instituto de Investigaci\u00f3n y Difusi\u00f3n de la Danza Mexicana, AC); y, Julio C\u00e9sar Mor\u00edn Mor\u00e1n (Instituto de Investigaci\u00f3n y Difusi\u00f3n de la Danza Mexicana, AC), bajo la moderaci\u00f3n de Roxana Govea Chagoya.<\/p>\n\n\n\n<p>Finalmente, el s\u00e1bado 26 de octubre a 11:00 horas, abordar\u00e1n los temas: \u201cC\u00f3mo se festeja el Xantolo o d\u00eda De Muertos en la Huasteca potosina en la cultura T\u00e9nek y cultura N\u00e1huatl\u201d a cargo de Mar\u00eda Antonieta Rend\u00f3n Medina (Programa Nacional de Salas de Lectura); \u201cDe la bajada de m\u00e1scaras al destape\u201d por Hilario S\u00e1nchez Jonguitud (actor y promotor cultural); y, \u201cChalco: entre lo et\u00e9reo y lo infinito\u201d por Juan Jos\u00e9 G\u00e1mez (museo del Virreinato).<\/p>\n","protected":false},"excerpt":{"rendered":"<p>Se realiza este ejercicio en la Casa del poeta Ram\u00f3n L\u00f3pez Velarde, en calle Pedro Vallejo 300, esquina Ignacio L\u00f3pez Ray\u00f3n, en la capital potosina. <\/p>\n","protected":false},"author":4,"featured_media":30923,"comment_status":"closed","ping_status":"closed","sticky":false,"template":"","format":"standard","meta":{"_et_pb_use_builder":"off","_et_pb_old_content":"","_et_gb_content_width":"","footnotes":""},"categories":[280],"tags":[72,66,200],"class_list":["post-30922","post","type-post","status-publish","format-standard","has-post-thumbnail","hentry","category-gob-slp","tag-gobierno-del-estado","tag-san-luis-potosi","tag-secult"],"_links":{"self":[{"href":"https:\/\/gerardoduque.com.mx\/index.php?rest_route=\/wp\/v2\/posts\/30922","targetHints":{"allow":["GET"]}}],"collection":[{"href":"https:\/\/gerardoduque.com.mx\/index.php?rest_route=\/wp\/v2\/posts"}],"about":[{"href":"https:\/\/gerardoduque.com.mx\/index.php?rest_route=\/wp\/v2\/types\/post"}],"author":[{"embeddable":true,"href":"https:\/\/gerardoduque.com.mx\/index.php?rest_route=\/wp\/v2\/users\/4"}],"replies":[{"embeddable":true,"href":"https:\/\/gerardoduque.com.mx\/index.php?rest_route=%2Fwp%2Fv2%2Fcomments&post=30922"}],"version-history":[{"count":0,"href":"https:\/\/gerardoduque.com.mx\/index.php?rest_route=\/wp\/v2\/posts\/30922\/revisions"}],"wp:featuredmedia":[{"embeddable":true,"href":"https:\/\/gerardoduque.com.mx\/index.php?rest_route=\/wp\/v2\/media\/30923"}],"wp:attachment":[{"href":"https:\/\/gerardoduque.com.mx\/index.php?rest_route=%2Fwp%2Fv2%2Fmedia&parent=30922"}],"wp:term":[{"taxonomy":"category","embeddable":true,"href":"https:\/\/gerardoduque.com.mx\/index.php?rest_route=%2Fwp%2Fv2%2Fcategories&post=30922"},{"taxonomy":"post_tag","embeddable":true,"href":"https:\/\/gerardoduque.com.mx\/index.php?rest_route=%2Fwp%2Fv2%2Ftags&post=30922"}],"curies":[{"name":"wp","href":"https:\/\/api.w.org\/{rel}","templated":true}]}}