{"id":30911,"date":"2024-10-25T05:46:16","date_gmt":"2024-10-25T11:46:16","guid":{"rendered":"https:\/\/gerardoduque.com.mx\/?p=30911"},"modified":"2024-10-25T05:46:19","modified_gmt":"2024-10-25T11:46:19","slug":"comparsas-se-preparan-para-el-festival-xantolo-en-tu-ciudad","status":"publish","type":"post","link":"https:\/\/gerardoduque.com.mx\/?p=30911","title":{"rendered":"COMPARSAS SE PREPARAN PARA EL\u00a0FESTIVAL XANTOLO EN TU CIUDAD"},"content":{"rendered":"\n<p>Este viernes 25 de octubre, San Luis Potos\u00ed iniciar\u00e1 el festival Xantolo se vive en tu ciudad, para promover la m\u00e1xima fiesta de la Huasteca potosina en torno el D\u00eda de Muertos, con el ritual de apertura en plaza de Armas a las 18:00 horas, y la espectacular presentaci\u00f3n de comparsas procedentes de varios municipios en plaza de Fundadores a las 19:30 horas.<\/p>\n\n\n\n<p>El festival de Xantolo promueve la cultura milenaria, destacando que las comparsas, desde la cosmogon\u00eda de los pueblos, transmiten la bienvenida a las \u00e1nimas y la idea de que son bien recibidas, ya que esta celebraci\u00f3n se caracteriza por ser un acercamiento a sus antepasados, familiares y dioses.<\/p>\n\n\n\n<p>En este sentido, el p\u00fablico podr\u00e1 disfrutar la interpretaci\u00f3n de sones tradicionales a cargo de Los Coles de San Mart\u00edn Chalchicuautla; Parranda del Consuelo de Ciudad Valles; Comparsa los Aut\u00e9nticos de Xochimilco de Tancanhuitz; Chochotinij de Barrio de en medio de Matlapa; Yolopakilistli de Tamazunchale; Huehues la Morelos de Tamu\u00edn; Comparsa \u00c9bano; La M\u00e1rquez de Ciudad Valles, entre otras.<\/p>\n\n\n\n<p>Los grupos tambi\u00e9n compartir\u00e1n su talento el s\u00e1bado 26 de octubre, buscando deleitar al p\u00fablico con sus m\u00e1scaras e indumentarias, durante el desfile que iniciar\u00e1 a las 16:00 horas en el parque de Morales, y en el escenario principal de plaza Fundadores, a las 19:30 horas, mostrando la magia, el color y la espiritualidad de estas festividades.<\/p>\n","protected":false},"excerpt":{"rendered":"<p>La magia, el color y la festividad estar\u00e1n presentes en las principales calles y plazas de la capital a partir de este viernes.<\/p>\n","protected":false},"author":4,"featured_media":30912,"comment_status":"closed","ping_status":"closed","sticky":false,"template":"","format":"standard","meta":{"_et_pb_use_builder":"off","_et_pb_old_content":"","_et_gb_content_width":"","footnotes":""},"categories":[280],"tags":[72,66,200],"class_list":["post-30911","post","type-post","status-publish","format-standard","has-post-thumbnail","hentry","category-gob-slp","tag-gobierno-del-estado","tag-san-luis-potosi","tag-secult"],"_links":{"self":[{"href":"https:\/\/gerardoduque.com.mx\/index.php?rest_route=\/wp\/v2\/posts\/30911","targetHints":{"allow":["GET"]}}],"collection":[{"href":"https:\/\/gerardoduque.com.mx\/index.php?rest_route=\/wp\/v2\/posts"}],"about":[{"href":"https:\/\/gerardoduque.com.mx\/index.php?rest_route=\/wp\/v2\/types\/post"}],"author":[{"embeddable":true,"href":"https:\/\/gerardoduque.com.mx\/index.php?rest_route=\/wp\/v2\/users\/4"}],"replies":[{"embeddable":true,"href":"https:\/\/gerardoduque.com.mx\/index.php?rest_route=%2Fwp%2Fv2%2Fcomments&post=30911"}],"version-history":[{"count":0,"href":"https:\/\/gerardoduque.com.mx\/index.php?rest_route=\/wp\/v2\/posts\/30911\/revisions"}],"wp:featuredmedia":[{"embeddable":true,"href":"https:\/\/gerardoduque.com.mx\/index.php?rest_route=\/wp\/v2\/media\/30912"}],"wp:attachment":[{"href":"https:\/\/gerardoduque.com.mx\/index.php?rest_route=%2Fwp%2Fv2%2Fmedia&parent=30911"}],"wp:term":[{"taxonomy":"category","embeddable":true,"href":"https:\/\/gerardoduque.com.mx\/index.php?rest_route=%2Fwp%2Fv2%2Fcategories&post=30911"},{"taxonomy":"post_tag","embeddable":true,"href":"https:\/\/gerardoduque.com.mx\/index.php?rest_route=%2Fwp%2Fv2%2Ftags&post=30911"}],"curies":[{"name":"wp","href":"https:\/\/api.w.org\/{rel}","templated":true}]}}