{"id":30908,"date":"2024-10-25T05:42:35","date_gmt":"2024-10-25T11:42:35","guid":{"rendered":"https:\/\/gerardoduque.com.mx\/?p=30908"},"modified":"2024-10-25T05:42:39","modified_gmt":"2024-10-25T11:42:39","slug":"gestionan-mas-de-73-kilometros-de-fibra-optica-para-slp","status":"publish","type":"post","link":"https:\/\/gerardoduque.com.mx\/?p=30908","title":{"rendered":"GESTIONAN M\u00c1S DE 73 KIL\u00d3METROS DE FIBRA \u00d3PTICA PARA SLP"},"content":{"rendered":"\n<p>La Junta Estatal de Caminos apoya a en la gesti\u00f3n de m\u00e1s de 73 kil\u00f3metros de fibra \u00f3ptica para el territorio potosino, con la finalidad de fortalecer el desarrollo industrial y mejorar la conectividad de las redes de servicio en el Estado.<\/p>\n\n\n\n<p>A trav\u00e9s de la instalaci\u00f3n de fibra \u00f3ptica, los potosinos tendr\u00e1n m\u00e1s beneficios como el acceso a actividades simult\u00e1neas, mejor velocidad de carga y descarga de informaci\u00f3n, una mayor calidad de imagen y sonido, entre otras.<\/p>\n\n\n\n<p>Adem\u00e1s de ser m\u00e1s resistente, liviana y ocupar menos espacio, la fibra \u00f3ptica permite ahorro de energ\u00eda el\u00e9ctrica y un menor impacto ambiental. Adem\u00e1s, destac\u00f3 que la inversi\u00f3n privada que har\u00e1 posible la instalaci\u00f3n de la fibra \u00f3ptica es una decisi\u00f3n fundamental para garantizar un sistema m\u00e1s eficiente en territorio potosino.<\/p>\n","protected":false},"excerpt":{"rendered":"<p>Adem\u00e1s de ser m\u00e1s resistente, liviana y ocupar menos espacio, la fibra \u00f3ptica permite ahorro de energ\u00eda el\u00e9ctrica y un menor impacto ambiental. <\/p>\n","protected":false},"author":4,"featured_media":30909,"comment_status":"closed","ping_status":"closed","sticky":false,"template":"","format":"standard","meta":{"_et_pb_use_builder":"off","_et_pb_old_content":"","_et_gb_content_width":"","footnotes":""},"categories":[280],"tags":[72,276,66],"class_list":["post-30908","post","type-post","status-publish","format-standard","has-post-thumbnail","hentry","category-gob-slp","tag-gobierno-del-estado","tag-jec","tag-san-luis-potosi"],"_links":{"self":[{"href":"https:\/\/gerardoduque.com.mx\/index.php?rest_route=\/wp\/v2\/posts\/30908","targetHints":{"allow":["GET"]}}],"collection":[{"href":"https:\/\/gerardoduque.com.mx\/index.php?rest_route=\/wp\/v2\/posts"}],"about":[{"href":"https:\/\/gerardoduque.com.mx\/index.php?rest_route=\/wp\/v2\/types\/post"}],"author":[{"embeddable":true,"href":"https:\/\/gerardoduque.com.mx\/index.php?rest_route=\/wp\/v2\/users\/4"}],"replies":[{"embeddable":true,"href":"https:\/\/gerardoduque.com.mx\/index.php?rest_route=%2Fwp%2Fv2%2Fcomments&post=30908"}],"version-history":[{"count":0,"href":"https:\/\/gerardoduque.com.mx\/index.php?rest_route=\/wp\/v2\/posts\/30908\/revisions"}],"wp:featuredmedia":[{"embeddable":true,"href":"https:\/\/gerardoduque.com.mx\/index.php?rest_route=\/wp\/v2\/media\/30909"}],"wp:attachment":[{"href":"https:\/\/gerardoduque.com.mx\/index.php?rest_route=%2Fwp%2Fv2%2Fmedia&parent=30908"}],"wp:term":[{"taxonomy":"category","embeddable":true,"href":"https:\/\/gerardoduque.com.mx\/index.php?rest_route=%2Fwp%2Fv2%2Fcategories&post=30908"},{"taxonomy":"post_tag","embeddable":true,"href":"https:\/\/gerardoduque.com.mx\/index.php?rest_route=%2Fwp%2Fv2%2Ftags&post=30908"}],"curies":[{"name":"wp","href":"https:\/\/api.w.org\/{rel}","templated":true}]}}