{"id":30889,"date":"2024-10-24T05:54:00","date_gmt":"2024-10-24T11:54:00","guid":{"rendered":"https:\/\/gerardoduque.com.mx\/?p=30889"},"modified":"2024-10-23T21:57:50","modified_gmt":"2024-10-24T03:57:50","slug":"entrega-kits-de-menstruacion-digna-en-comunidades-de-huehuetlan","status":"publish","type":"post","link":"https:\/\/gerardoduque.com.mx\/?p=30889","title":{"rendered":"ENTREGA KITS DE MENSTRUACI\u00d3N DIGNA EN COMUNIDADES DE HUEHUETL\u00c1N"},"content":{"rendered":"\n<p>El Sistema Estatal para el Desarrollo Integral de la Familia entreg\u00f3 kits de la Campa\u00f1a Menstruaci\u00f3n Digna en la localidad de Chununtzen 2, en Huehuetl\u00e1n, donde se dieron cita mujeres y adolescentes de diferentes comunidades rurales aleda\u00f1as, lo que permiti\u00f3 beneficiar a un total de 400 personas de esta regi\u00f3n con estos insumos de forma gratuita.<\/p>\n\n\n\n<p>La directora general de DIF destac\u00f3 que la menstruaci\u00f3n es una parte natural y esencial en la vida de las mujeres y es un tema fundamental abordado desde una perspectiva digna y respetuosa y record\u00f3 desde hace tres a\u00f1os se ha hecho frente a esta problem\u00e1tica a trav\u00e9s de un programa integral y \u00fanico en el pa\u00eds, que incluye charlas informativas.<\/p>\n\n\n\n<p>Adem\u00e1s de los kits menstruales, entregaron ayudas t\u00e9cnicas a personas beneficiarias identificadas en la regi\u00f3n, quienes durante el evento recibieron sillas de ruedas, bastones y andaderas, entre otros apoyos.<\/p>\n\n\n\n<p>Finalmente, dijo que el programa de Menstruaci\u00f3n Digna abona al pleno desarrollo humano de las mujeres, enaltece su valor y contribuye a la consolidaci\u00f3n de un estado justo e inclusivo, al mismo tiempo de que cuida el medio ambiente, ya que los productos son completamente ecol\u00f3gicos y reutilizables.<\/p>\n","protected":false},"excerpt":{"rendered":"<p>Mujeres de la localidad de Chununtzen 2 en Huehuetl\u00e1n, recibieron estos apoyos. <\/p>\n","protected":false},"author":4,"featured_media":30890,"comment_status":"closed","ping_status":"closed","sticky":false,"template":"","format":"standard","meta":{"_et_pb_use_builder":"off","_et_pb_old_content":"","_et_gb_content_width":"","footnotes":""},"categories":[280],"tags":[180,72,66],"class_list":["post-30889","post","type-post","status-publish","format-standard","has-post-thumbnail","hentry","category-gob-slp","tag-dif-estatal","tag-gobierno-del-estado","tag-san-luis-potosi"],"_links":{"self":[{"href":"https:\/\/gerardoduque.com.mx\/index.php?rest_route=\/wp\/v2\/posts\/30889","targetHints":{"allow":["GET"]}}],"collection":[{"href":"https:\/\/gerardoduque.com.mx\/index.php?rest_route=\/wp\/v2\/posts"}],"about":[{"href":"https:\/\/gerardoduque.com.mx\/index.php?rest_route=\/wp\/v2\/types\/post"}],"author":[{"embeddable":true,"href":"https:\/\/gerardoduque.com.mx\/index.php?rest_route=\/wp\/v2\/users\/4"}],"replies":[{"embeddable":true,"href":"https:\/\/gerardoduque.com.mx\/index.php?rest_route=%2Fwp%2Fv2%2Fcomments&post=30889"}],"version-history":[{"count":0,"href":"https:\/\/gerardoduque.com.mx\/index.php?rest_route=\/wp\/v2\/posts\/30889\/revisions"}],"wp:featuredmedia":[{"embeddable":true,"href":"https:\/\/gerardoduque.com.mx\/index.php?rest_route=\/wp\/v2\/media\/30890"}],"wp:attachment":[{"href":"https:\/\/gerardoduque.com.mx\/index.php?rest_route=%2Fwp%2Fv2%2Fmedia&parent=30889"}],"wp:term":[{"taxonomy":"category","embeddable":true,"href":"https:\/\/gerardoduque.com.mx\/index.php?rest_route=%2Fwp%2Fv2%2Fcategories&post=30889"},{"taxonomy":"post_tag","embeddable":true,"href":"https:\/\/gerardoduque.com.mx\/index.php?rest_route=%2Fwp%2Fv2%2Ftags&post=30889"}],"curies":[{"name":"wp","href":"https:\/\/api.w.org\/{rel}","templated":true}]}}