{"id":30881,"date":"2024-10-23T21:45:53","date_gmt":"2024-10-24T03:45:53","guid":{"rendered":"https:\/\/gerardoduque.com.mx\/?p=30881"},"modified":"2024-10-23T21:45:57","modified_gmt":"2024-10-24T03:45:57","slug":"invitan-a-asistir-a-conferencia-para-trabajadores","status":"publish","type":"post","link":"https:\/\/gerardoduque.com.mx\/?p=30881","title":{"rendered":"INVITAN A ASISTIR A CONFERENCIA PARA TRABAJADORES"},"content":{"rendered":"\n<p>La Oficial\u00eda Mayor del Ejecutivo, invita a los trabajadores estatales para participar en la conferencia \u201cHabilidades blandas y flexibilidad mental, \u00bfc\u00f3mo aplicarlas en mi trabajo?\u201d, este 24 de octubre a las 16:00 horas en el Auditorio Pedro Antonio de los Santos, ubicado en el interior del Palacio de Gobierno.<\/p>\n\n\n\n<p>En coordinaci\u00f3n con la Universidad Tangamanga campus Saucito, la conferencia busca fortalecer las competencias interpersonales, con la finalidad de mejorar el servicio a la ciudadan\u00eda, con trabajo en equipo, gesti\u00f3n del tiempo, entre otras.<\/p>\n\n\n\n<p>La conferencia ser\u00e1 impartida por Beatriz Adriana Delgado Revuelta, quien definir\u00e1 las habilidades blandas, como un conjunto de caracter\u00edsticas personales que ayudan a las y los trabajadores a relacionarse con las y los dem\u00e1s y a tener \u00e9xito en el trabajo.<\/p>\n\n\n\n<p>El personal interesado en participar puede ingresar a la siguiente liga, para inscribirse: <a href=\"https:\/\/forms.gle\/vUVzXSc1WGQTdEjH7\">https:\/\/forms.gle\/vUVzXSc1WGQTdEjH7<\/a><\/p>\n","protected":false},"excerpt":{"rendered":"<p>Se llevar\u00e1 a cabo este jueves 24 de octubre a las 16:00 horas.<\/p>\n","protected":false},"author":4,"featured_media":30882,"comment_status":"closed","ping_status":"closed","sticky":false,"template":"","format":"standard","meta":{"_et_pb_use_builder":"off","_et_pb_old_content":"","_et_gb_content_width":"","footnotes":""},"categories":[280],"tags":[72,289,66],"class_list":["post-30881","post","type-post","status-publish","format-standard","has-post-thumbnail","hentry","category-gob-slp","tag-gobierno-del-estado","tag-oficialia-mayor","tag-san-luis-potosi"],"_links":{"self":[{"href":"https:\/\/gerardoduque.com.mx\/index.php?rest_route=\/wp\/v2\/posts\/30881","targetHints":{"allow":["GET"]}}],"collection":[{"href":"https:\/\/gerardoduque.com.mx\/index.php?rest_route=\/wp\/v2\/posts"}],"about":[{"href":"https:\/\/gerardoduque.com.mx\/index.php?rest_route=\/wp\/v2\/types\/post"}],"author":[{"embeddable":true,"href":"https:\/\/gerardoduque.com.mx\/index.php?rest_route=\/wp\/v2\/users\/4"}],"replies":[{"embeddable":true,"href":"https:\/\/gerardoduque.com.mx\/index.php?rest_route=%2Fwp%2Fv2%2Fcomments&post=30881"}],"version-history":[{"count":0,"href":"https:\/\/gerardoduque.com.mx\/index.php?rest_route=\/wp\/v2\/posts\/30881\/revisions"}],"wp:featuredmedia":[{"embeddable":true,"href":"https:\/\/gerardoduque.com.mx\/index.php?rest_route=\/wp\/v2\/media\/30882"}],"wp:attachment":[{"href":"https:\/\/gerardoduque.com.mx\/index.php?rest_route=%2Fwp%2Fv2%2Fmedia&parent=30881"}],"wp:term":[{"taxonomy":"category","embeddable":true,"href":"https:\/\/gerardoduque.com.mx\/index.php?rest_route=%2Fwp%2Fv2%2Fcategories&post=30881"},{"taxonomy":"post_tag","embeddable":true,"href":"https:\/\/gerardoduque.com.mx\/index.php?rest_route=%2Fwp%2Fv2%2Ftags&post=30881"}],"curies":[{"name":"wp","href":"https:\/\/api.w.org\/{rel}","templated":true}]}}