{"id":30878,"date":"2024-10-23T18:26:19","date_gmt":"2024-10-24T00:26:19","guid":{"rendered":"https:\/\/gerardoduque.com.mx\/?p=30878"},"modified":"2024-10-23T18:26:23","modified_gmt":"2024-10-24T00:26:23","slug":"promueven-acciones-de-prevencion-del-cancer-de-mama-en-dependencias","status":"publish","type":"post","link":"https:\/\/gerardoduque.com.mx\/?p=30878","title":{"rendered":"PROMUEVEN ACCIONES DE PREVENCI\u00d3N DEL C\u00c1NCER DE MAMA EN DEPENDENCIAS"},"content":{"rendered":"\n<p>En el marco del mes de la lucha contra el c\u00e1ncer de mama, la Secretar\u00eda de Educaci\u00f3n de Gobierno del Estado a trav\u00e9s de la campa\u00f1a \u201cYo te apoyo a cuidarte\u201d, lleva a cabo acciones para que las mujeres cuenten con las herramientas para prevenir, sensibilizar y concientizar sobre la detecci\u00f3n temprana de esta enfermedad.<\/p>\n\n\n\n<p>Destac\u00f3 el trabajo de la Unidad para la Igualdad de G\u00e9nero y la subjefatura de Capacitaci\u00f3n y Desarrollo, Seguridad e Higiene y Medio Ambiente de la dependencia que, en colaboraci\u00f3n con la Secretar\u00eda de Salud, realizan ponencias, coloquios, talleres de autoexploraci\u00f3n y una exposici\u00f3n pict\u00f3rica en apoyo a m\u00e1s de mil trabajadoras.<\/p>\n\n\n\n<p>Destac\u00f3 que estad\u00edsticas de la Organizaci\u00f3n Mundial de la Salud estiman que, en M\u00e9xico, desde el 2006, el c\u00e1ncer de mama ha sido la primera causa de muerte por c\u00e1ncer en mujeres de 25 a\u00f1os y m\u00e1s, por lo que, exhort\u00f3 a reflexionar y tomar consciencia de la importancia de realizarse ex\u00e1menes de autoexploraci\u00f3n de forma regular para una detecci\u00f3n oportuna.<\/p>\n\n\n\n<p>Se exhort\u00f3 a los trabajadores e integrantes de la comunidad educativa a sumarse a esta campa\u00f1a de detecci\u00f3n y prevenci\u00f3n contra el c\u00e1ncer de mama, as\u00ed como acudir a chequeos de salud frecuentes para prevenir cualquier enfermedad.<\/p>\n","protected":false},"excerpt":{"rendered":"<p>A trav\u00e9s de talleres y capacitaciones, se sensibiliza y concientiza sobre la detecci\u00f3n temprana del c\u00e1ncer de mama<\/p>\n","protected":false},"author":4,"featured_media":30879,"comment_status":"closed","ping_status":"closed","sticky":false,"template":"","format":"standard","meta":{"_et_pb_use_builder":"off","_et_pb_old_content":"","_et_gb_content_width":"","footnotes":""},"categories":[280],"tags":[72,66,196],"class_list":["post-30878","post","type-post","status-publish","format-standard","has-post-thumbnail","hentry","category-gob-slp","tag-gobierno-del-estado","tag-san-luis-potosi","tag-sege"],"_links":{"self":[{"href":"https:\/\/gerardoduque.com.mx\/index.php?rest_route=\/wp\/v2\/posts\/30878","targetHints":{"allow":["GET"]}}],"collection":[{"href":"https:\/\/gerardoduque.com.mx\/index.php?rest_route=\/wp\/v2\/posts"}],"about":[{"href":"https:\/\/gerardoduque.com.mx\/index.php?rest_route=\/wp\/v2\/types\/post"}],"author":[{"embeddable":true,"href":"https:\/\/gerardoduque.com.mx\/index.php?rest_route=\/wp\/v2\/users\/4"}],"replies":[{"embeddable":true,"href":"https:\/\/gerardoduque.com.mx\/index.php?rest_route=%2Fwp%2Fv2%2Fcomments&post=30878"}],"version-history":[{"count":0,"href":"https:\/\/gerardoduque.com.mx\/index.php?rest_route=\/wp\/v2\/posts\/30878\/revisions"}],"wp:featuredmedia":[{"embeddable":true,"href":"https:\/\/gerardoduque.com.mx\/index.php?rest_route=\/wp\/v2\/media\/30879"}],"wp:attachment":[{"href":"https:\/\/gerardoduque.com.mx\/index.php?rest_route=%2Fwp%2Fv2%2Fmedia&parent=30878"}],"wp:term":[{"taxonomy":"category","embeddable":true,"href":"https:\/\/gerardoduque.com.mx\/index.php?rest_route=%2Fwp%2Fv2%2Fcategories&post=30878"},{"taxonomy":"post_tag","embeddable":true,"href":"https:\/\/gerardoduque.com.mx\/index.php?rest_route=%2Fwp%2Fv2%2Ftags&post=30878"}],"curies":[{"name":"wp","href":"https:\/\/api.w.org\/{rel}","templated":true}]}}