{"id":30875,"date":"2024-10-23T18:22:57","date_gmt":"2024-10-24T00:22:57","guid":{"rendered":"https:\/\/gerardoduque.com.mx\/?p=30875"},"modified":"2024-10-23T18:23:01","modified_gmt":"2024-10-24T00:23:01","slug":"crecimiento-economico-de-slp-supera-la-media-nacional-sedeco","status":"publish","type":"post","link":"https:\/\/gerardoduque.com.mx\/?p=30875","title":{"rendered":"CRECIMIENTO ECON\u00d3MICO DE SLP SUPERA LA MEDIA NACIONAL: SEDECO"},"content":{"rendered":"\n<p>Al comparecer ante la LXIV Legislatura del Congreso del Estado, el titular de la Secretar\u00eda de Desarrollo Econ\u00f3mico, Salvador Gonz\u00e1lez Mart\u00ednez, destac\u00f3 que San Luis Potos\u00ed se encuentra en uno de los momentos m\u00e1s prometedores en inversi\u00f3n y crecimiento sostenible.<\/p>\n\n\n\n<p>En el marco de un encuentro con di\u00e1logo cordial y productivo, los legisladores plantearon diversas preguntas sobre el avance econ\u00f3mico y los planes futuros para consolidar el crecimiento del Estado.<\/p>\n\n\n\n<p>El crecimiento econ\u00f3mico del Estado en tres a\u00f1os ha superado el promedio nacional, alcanzando una tendencia superior al 3.5 por ciento anual, que lo ha como un referente a nivel nacional por su solidez econ\u00f3mica. Desde 2021 hasta 2023, la inversi\u00f3n directa ha crecido de 702 millones a mil 116 millones de d\u00f3lares, generando un significativo n\u00famero de nuevos empleos para la poblaci\u00f3n potosina.<\/p>\n","protected":false},"excerpt":{"rendered":"<p>Desde 2021 hasta 2023, la inversi\u00f3n directa ha crecido de 702 millones a mil 116 millones.<\/p>\n","protected":false},"author":4,"featured_media":30876,"comment_status":"closed","ping_status":"closed","sticky":false,"template":"","format":"standard","meta":{"_et_pb_use_builder":"off","_et_pb_old_content":"","_et_gb_content_width":"","footnotes":""},"categories":[280],"tags":[72,66,201],"class_list":["post-30875","post","type-post","status-publish","format-standard","has-post-thumbnail","hentry","category-gob-slp","tag-gobierno-del-estado","tag-san-luis-potosi","tag-sedeco"],"_links":{"self":[{"href":"https:\/\/gerardoduque.com.mx\/index.php?rest_route=\/wp\/v2\/posts\/30875","targetHints":{"allow":["GET"]}}],"collection":[{"href":"https:\/\/gerardoduque.com.mx\/index.php?rest_route=\/wp\/v2\/posts"}],"about":[{"href":"https:\/\/gerardoduque.com.mx\/index.php?rest_route=\/wp\/v2\/types\/post"}],"author":[{"embeddable":true,"href":"https:\/\/gerardoduque.com.mx\/index.php?rest_route=\/wp\/v2\/users\/4"}],"replies":[{"embeddable":true,"href":"https:\/\/gerardoduque.com.mx\/index.php?rest_route=%2Fwp%2Fv2%2Fcomments&post=30875"}],"version-history":[{"count":0,"href":"https:\/\/gerardoduque.com.mx\/index.php?rest_route=\/wp\/v2\/posts\/30875\/revisions"}],"wp:featuredmedia":[{"embeddable":true,"href":"https:\/\/gerardoduque.com.mx\/index.php?rest_route=\/wp\/v2\/media\/30876"}],"wp:attachment":[{"href":"https:\/\/gerardoduque.com.mx\/index.php?rest_route=%2Fwp%2Fv2%2Fmedia&parent=30875"}],"wp:term":[{"taxonomy":"category","embeddable":true,"href":"https:\/\/gerardoduque.com.mx\/index.php?rest_route=%2Fwp%2Fv2%2Fcategories&post=30875"},{"taxonomy":"post_tag","embeddable":true,"href":"https:\/\/gerardoduque.com.mx\/index.php?rest_route=%2Fwp%2Fv2%2Ftags&post=30875"}],"curies":[{"name":"wp","href":"https:\/\/api.w.org\/{rel}","templated":true}]}}