{"id":30872,"date":"2024-10-23T18:10:47","date_gmt":"2024-10-24T00:10:47","guid":{"rendered":"https:\/\/gerardoduque.com.mx\/?p=30872"},"modified":"2024-10-23T18:10:51","modified_gmt":"2024-10-24T00:10:51","slug":"conmemoran-dia-nacional-del-ministerio-publico-2","status":"publish","type":"post","link":"https:\/\/gerardoduque.com.mx\/?p=30872","title":{"rendered":"CONMEMORAN D\u00cdA NACIONAL DEL MINISTERIO P\u00daBLICO"},"content":{"rendered":"\n<p>En representaci\u00f3n del Gobernador de San Luis Potos\u00ed, Ricardo Gallardo Cardona, el secretario general de Gobierno, J. Guadalupe Torres S\u00e1nchez encabez\u00f3 la ceremonia del D\u00eda Nacional del Ministerio P\u00fablico, en donde reconoci\u00f3 el trabajo y labor de los agentes del Ministerio P\u00fablico como un pilar fundamental en la procuraci\u00f3n de justicia y reiter\u00f3 el compromiso de coordinaci\u00f3n con la Fiscal\u00eda General del Estado para un lograr una entidad m\u00e1s segura.<\/p>\n\n\n\n<p>El titular de la dependencia reconoci\u00f3 la labor de la fiscal general Mar\u00eda Manuela Garc\u00eda C\u00e1zares y el compromiso de los elementos de la Polic\u00eda de Investigaci\u00f3n contra la impunidad, reconoci\u00f3 la importancia de trabajar todos los poderes y \u00f3rdenes de Gobierno, de forma conjunta y organizada.<\/p>\n\n\n\n<p>Al entregar reconocimientos por 10, 15, 20, 25 y 30 a\u00f1os de servicio, el secretario general de Gobierno, exhort\u00f3 a honrar con dedicaci\u00f3n la responsabilidad que se les han confiado y a trabajar con compromiso y entrega en la persecuci\u00f3n de los delitos como escudo que protege los derechos y la voz de las v\u00edctimas y todos los que han sido da\u00f1ados en su integridad, en su paz y en sus derechos.<\/p>\n\n\n\n<p>Finalmente, hizo menci\u00f3n especial al personal jubilado que tambi\u00e9n recibi\u00f3 reconocimientos por los a\u00f1os de servicio prestados y afirm\u00f3 que es una labor admirable en la que dejan un legado de lucha por la justicia.<\/p>\n","protected":false},"excerpt":{"rendered":"<p>Se reconoci\u00f3 el trabajo y labor de los agentes del Ministerio P\u00fablico como un pilar fundamental en la procuraci\u00f3n de justicia.<\/p>\n","protected":false},"author":4,"featured_media":30873,"comment_status":"closed","ping_status":"closed","sticky":false,"template":"","format":"standard","meta":{"_et_pb_use_builder":"off","_et_pb_old_content":"","_et_gb_content_width":"","footnotes":""},"categories":[412,280],"tags":[72,66],"class_list":["post-30872","post","type-post","status-publish","format-standard","has-post-thumbnail","hentry","category-destacado","category-gob-slp","tag-gobierno-del-estado","tag-san-luis-potosi"],"_links":{"self":[{"href":"https:\/\/gerardoduque.com.mx\/index.php?rest_route=\/wp\/v2\/posts\/30872","targetHints":{"allow":["GET"]}}],"collection":[{"href":"https:\/\/gerardoduque.com.mx\/index.php?rest_route=\/wp\/v2\/posts"}],"about":[{"href":"https:\/\/gerardoduque.com.mx\/index.php?rest_route=\/wp\/v2\/types\/post"}],"author":[{"embeddable":true,"href":"https:\/\/gerardoduque.com.mx\/index.php?rest_route=\/wp\/v2\/users\/4"}],"replies":[{"embeddable":true,"href":"https:\/\/gerardoduque.com.mx\/index.php?rest_route=%2Fwp%2Fv2%2Fcomments&post=30872"}],"version-history":[{"count":0,"href":"https:\/\/gerardoduque.com.mx\/index.php?rest_route=\/wp\/v2\/posts\/30872\/revisions"}],"wp:featuredmedia":[{"embeddable":true,"href":"https:\/\/gerardoduque.com.mx\/index.php?rest_route=\/wp\/v2\/media\/30873"}],"wp:attachment":[{"href":"https:\/\/gerardoduque.com.mx\/index.php?rest_route=%2Fwp%2Fv2%2Fmedia&parent=30872"}],"wp:term":[{"taxonomy":"category","embeddable":true,"href":"https:\/\/gerardoduque.com.mx\/index.php?rest_route=%2Fwp%2Fv2%2Fcategories&post=30872"},{"taxonomy":"post_tag","embeddable":true,"href":"https:\/\/gerardoduque.com.mx\/index.php?rest_route=%2Fwp%2Fv2%2Ftags&post=30872"}],"curies":[{"name":"wp","href":"https:\/\/api.w.org\/{rel}","templated":true}]}}