{"id":30868,"date":"2024-10-23T13:18:05","date_gmt":"2024-10-23T19:18:05","guid":{"rendered":"https:\/\/gerardoduque.com.mx\/?p=30868"},"modified":"2024-10-23T13:18:09","modified_gmt":"2024-10-23T19:18:09","slug":"se-realizara-campana-altruista-de-donacion-de-cabello","status":"publish","type":"post","link":"https:\/\/gerardoduque.com.mx\/?p=30868","title":{"rendered":"SE REALIZAR\u00c1 CAMPA\u00d1A ALTRUISTA DE DONACI\u00d3N DE CABELLO"},"content":{"rendered":"\n<p>En el marco del D\u00eda Internacional de la Lucha Contra el C\u00e1ncer de Mama, que es considerada la principal causa de muerte por tumor maligno en mujeres mexicanas, el Instituto de las Mujeres del Estado, en coordinaci\u00f3n con la fundaci\u00f3n \u201cCarpe Diem\u201d invita a las potosinas a que este viernes 25 de octubre acudan a sus instalaciones en Jard\u00edn Col\u00f3n n\u00famero 23, en el Barrio de San Miguelito, para ser parte de la campa\u00f1a \u201cDona Tu Cabello\u201d.<\/p>\n\n\n\n<p>Las personas interesadas en donar su cabello podr\u00e1n acudir en horario de 09:00 a 14:00 horas y de 16:00 a 19:00 horas, donde dos estilistas realizar\u00e1n los cortes de cabello de manera gratuita.<\/p>\n\n\n\n<p>La organizaci\u00f3n \u201cCarpe Diem\u201d entregar\u00e1 certificados de participaci\u00f3n a nombre de su fundaci\u00f3n y del Patronato Pro Paciente Oncol\u00f3gico a las personas interesadas en donar su cabello. Para m\u00e1s informaci\u00f3n, las personas interesadas en colaborar en esta noble causa pueden comunicarse al n\u00famero celular 444 4321590, o a trav\u00e9s de la cuenta de Instagram de la fundaci\u00f3n @carp.dieem<\/p>\n","protected":false},"excerpt":{"rendered":"<p>La jornada altruista se realizar\u00e1 el 25 de octubre a beneficio del Patronato Pro Paciente Oncol\u00f3gico<\/p>\n","protected":false},"author":4,"featured_media":30869,"comment_status":"closed","ping_status":"closed","sticky":false,"template":"","format":"standard","meta":{"_et_pb_use_builder":"off","_et_pb_old_content":"","_et_gb_content_width":"","footnotes":""},"categories":[280],"tags":[72,70,66],"class_list":["post-30868","post","type-post","status-publish","format-standard","has-post-thumbnail","hentry","category-gob-slp","tag-gobierno-del-estado","tag-imes","tag-san-luis-potosi"],"_links":{"self":[{"href":"https:\/\/gerardoduque.com.mx\/index.php?rest_route=\/wp\/v2\/posts\/30868","targetHints":{"allow":["GET"]}}],"collection":[{"href":"https:\/\/gerardoduque.com.mx\/index.php?rest_route=\/wp\/v2\/posts"}],"about":[{"href":"https:\/\/gerardoduque.com.mx\/index.php?rest_route=\/wp\/v2\/types\/post"}],"author":[{"embeddable":true,"href":"https:\/\/gerardoduque.com.mx\/index.php?rest_route=\/wp\/v2\/users\/4"}],"replies":[{"embeddable":true,"href":"https:\/\/gerardoduque.com.mx\/index.php?rest_route=%2Fwp%2Fv2%2Fcomments&post=30868"}],"version-history":[{"count":0,"href":"https:\/\/gerardoduque.com.mx\/index.php?rest_route=\/wp\/v2\/posts\/30868\/revisions"}],"wp:featuredmedia":[{"embeddable":true,"href":"https:\/\/gerardoduque.com.mx\/index.php?rest_route=\/wp\/v2\/media\/30869"}],"wp:attachment":[{"href":"https:\/\/gerardoduque.com.mx\/index.php?rest_route=%2Fwp%2Fv2%2Fmedia&parent=30868"}],"wp:term":[{"taxonomy":"category","embeddable":true,"href":"https:\/\/gerardoduque.com.mx\/index.php?rest_route=%2Fwp%2Fv2%2Fcategories&post=30868"},{"taxonomy":"post_tag","embeddable":true,"href":"https:\/\/gerardoduque.com.mx\/index.php?rest_route=%2Fwp%2Fv2%2Ftags&post=30868"}],"curies":[{"name":"wp","href":"https:\/\/api.w.org\/{rel}","templated":true}]}}