{"id":30865,"date":"2024-10-23T12:29:34","date_gmt":"2024-10-23T18:29:34","guid":{"rendered":"https:\/\/gerardoduque.com.mx\/?p=30865"},"modified":"2024-10-23T12:29:38","modified_gmt":"2024-10-23T18:29:38","slug":"brindan-asesoria-a-productores-sobre-cuota-energetica-agropecuaria","status":"publish","type":"post","link":"https:\/\/gerardoduque.com.mx\/?p=30865","title":{"rendered":"BRINDAN ASESOR\u00cdA A PRODUCTORES SOBRE CUOTA ENERG\u00c9TICA AGROPECUARIA"},"content":{"rendered":"\n<p>La Secretar\u00eda de Desarrollo Agropecuario y Recursos Hidr\u00e1ulicos moder\u00f3 una mesa de atenci\u00f3n para brindar m\u00e1s apoyo a productores agropecuarios de la regi\u00f3n Media, donde revis\u00f3 expedientes y documentos ante instituciones y dependencias federales, para el Programa Especial de Energ\u00eda para el Campo, en materia el\u00e9ctrica, para uso agr\u00edcola.<\/p>\n\n\n\n<p>Se recibi\u00f3 a los productores afectados con el pago de tarifas el\u00e9ctricas con la presencia de representantes de la Secretar\u00eda de Agricultura y Desarrollo Rural y la Comisi\u00f3n Federal de Electricidad.<\/p>\n\n\n\n<p>Tras el encuentro la CFE recomend\u00f3 cubrir el pago mensual de consumo de electricidad normal, de forma moment\u00e1nea en tanto recibe indicaciones, y garantiz\u00f3 no hacer cortes mientras cubran sus recibos; por su parte la Sader ofreci\u00f3 implementar en los municipios de Rioverde y Ciudad Fern\u00e1ndez, una mesa de atenci\u00f3n a productores para revisar documentos, previo a la apertura de ventanilla y las reglas de operaci\u00f3n del programa de energ\u00eda 2025. Adicionalmente, la Sedarh atender\u00e1 a los agricultores para revisar expedientes y gestionar la complementaci\u00f3n de documentos ante instituciones, dependencias y la CFE, para darle continuidad a los programas y beneficios del Gobierno de M\u00e9xico, asimismo entregar\u00e1 a la Sader junto a productores, los expedientes conformados satisfactoriamente y para la atenci\u00f3n a sociedades de agricultores, la convocar\u00e1 a reuni\u00f3n para evaluar la situaci\u00f3n que guardan sus agrupaciones en el Programa de Energ\u00eda El\u00e9ctrica de Uso Agr\u00edcola y apoyar en la integraci\u00f3n de expedientes para subsidios<\/p>\n","protected":false},"excerpt":{"rendered":"<p>Se realiz\u00f3 una mesa de atenci\u00f3n para el Programa Especial de Energ\u00eda para el Campo, en materia el\u00e9ctrica, para uso agr\u00edcola.<\/p>\n","protected":false},"author":4,"featured_media":30866,"comment_status":"closed","ping_status":"closed","sticky":false,"template":"","format":"standard","meta":{"_et_pb_use_builder":"off","_et_pb_old_content":"","_et_gb_content_width":"","footnotes":""},"categories":[280],"tags":[72,66,234],"class_list":["post-30865","post","type-post","status-publish","format-standard","has-post-thumbnail","hentry","category-gob-slp","tag-gobierno-del-estado","tag-san-luis-potosi","tag-sedarh"],"_links":{"self":[{"href":"https:\/\/gerardoduque.com.mx\/index.php?rest_route=\/wp\/v2\/posts\/30865","targetHints":{"allow":["GET"]}}],"collection":[{"href":"https:\/\/gerardoduque.com.mx\/index.php?rest_route=\/wp\/v2\/posts"}],"about":[{"href":"https:\/\/gerardoduque.com.mx\/index.php?rest_route=\/wp\/v2\/types\/post"}],"author":[{"embeddable":true,"href":"https:\/\/gerardoduque.com.mx\/index.php?rest_route=\/wp\/v2\/users\/4"}],"replies":[{"embeddable":true,"href":"https:\/\/gerardoduque.com.mx\/index.php?rest_route=%2Fwp%2Fv2%2Fcomments&post=30865"}],"version-history":[{"count":0,"href":"https:\/\/gerardoduque.com.mx\/index.php?rest_route=\/wp\/v2\/posts\/30865\/revisions"}],"wp:featuredmedia":[{"embeddable":true,"href":"https:\/\/gerardoduque.com.mx\/index.php?rest_route=\/wp\/v2\/media\/30866"}],"wp:attachment":[{"href":"https:\/\/gerardoduque.com.mx\/index.php?rest_route=%2Fwp%2Fv2%2Fmedia&parent=30865"}],"wp:term":[{"taxonomy":"category","embeddable":true,"href":"https:\/\/gerardoduque.com.mx\/index.php?rest_route=%2Fwp%2Fv2%2Fcategories&post=30865"},{"taxonomy":"post_tag","embeddable":true,"href":"https:\/\/gerardoduque.com.mx\/index.php?rest_route=%2Fwp%2Fv2%2Ftags&post=30865"}],"curies":[{"name":"wp","href":"https:\/\/api.w.org\/{rel}","templated":true}]}}