{"id":30855,"date":"2024-10-23T07:03:16","date_gmt":"2024-10-23T13:03:16","guid":{"rendered":"https:\/\/gerardoduque.com.mx\/?p=30855"},"modified":"2024-10-23T07:03:20","modified_gmt":"2024-10-23T13:03:20","slug":"llevan-programa-alerta-verde-a-comunidades-originarias","status":"publish","type":"post","link":"https:\/\/gerardoduque.com.mx\/?p=30855","title":{"rendered":"LLEVAN PROGRAMA \u201cALERTA VERDE\u201d A COMUNIDADES ORIGINARIAS"},"content":{"rendered":"\n<p>En el marco de la conmemoraci\u00f3n del d\u00eda mundial de la prevenci\u00f3n del embarazo no planificado en adolescentes, el Instituto de Desarrollo Humano y Social de los Pueblos y Comunidades Ind\u00edgenas, realiz\u00f3 el Programa Alerta Verde en la comunidad Xi\u2019iuy de Santa Mar\u00eda Acapulco, municipio de Santa Catarina, en coordinaci\u00f3n con el Consejo Estatal de Poblaci\u00f3n y otras dependencias, para promover el derecho de la ni\u00f1ez y las juventudes a decidir de forma libre e informada sobre su vida reproductiva.<\/p>\n\n\n\n<p>Se atenci\u00f3n a ni\u00f1os y adolescentes, a quienes impartieron pl\u00e1ticas, entregaron materiales impresos, actividades l\u00fadicas, consultas, aplicaci\u00f3n de vacunas; as\u00ed como especial atenci\u00f3n a madres y padres de familia para la prevenci\u00f3n de la violencia y confidencial a quienes lo requirieron, con un total de 300 personas beneficiadas.<\/p>\n\n\n\n<p>La prevenci\u00f3n del embarazo no planificado en adolescentes es una labor compartida e integral, por lo que en las comunidades ind\u00edgenas, ser\u00e1n las madres y padres de familia con quienes se ha de trabajar de forma m\u00e1s cercana para garantizar el \u00e9xito de este programa.<\/p>\n","protected":false},"excerpt":{"rendered":"<p>300 personas Xi\u2019iuy de la comunidad de Santa Mar\u00eda Acapulco en Santa Catarina fueron beneficiadas con m\u00f3dulos informativos.<\/p>\n","protected":false},"author":4,"featured_media":30856,"comment_status":"closed","ping_status":"closed","sticky":false,"template":"","format":"standard","meta":{"_et_pb_use_builder":"off","_et_pb_old_content":"","_et_gb_content_width":"","footnotes":""},"categories":[280],"tags":[72,395,66],"class_list":["post-30855","post","type-post","status-publish","format-standard","has-post-thumbnail","hentry","category-gob-slp","tag-gobierno-del-estado","tag-indepi","tag-san-luis-potosi"],"_links":{"self":[{"href":"https:\/\/gerardoduque.com.mx\/index.php?rest_route=\/wp\/v2\/posts\/30855","targetHints":{"allow":["GET"]}}],"collection":[{"href":"https:\/\/gerardoduque.com.mx\/index.php?rest_route=\/wp\/v2\/posts"}],"about":[{"href":"https:\/\/gerardoduque.com.mx\/index.php?rest_route=\/wp\/v2\/types\/post"}],"author":[{"embeddable":true,"href":"https:\/\/gerardoduque.com.mx\/index.php?rest_route=\/wp\/v2\/users\/4"}],"replies":[{"embeddable":true,"href":"https:\/\/gerardoduque.com.mx\/index.php?rest_route=%2Fwp%2Fv2%2Fcomments&post=30855"}],"version-history":[{"count":0,"href":"https:\/\/gerardoduque.com.mx\/index.php?rest_route=\/wp\/v2\/posts\/30855\/revisions"}],"wp:featuredmedia":[{"embeddable":true,"href":"https:\/\/gerardoduque.com.mx\/index.php?rest_route=\/wp\/v2\/media\/30856"}],"wp:attachment":[{"href":"https:\/\/gerardoduque.com.mx\/index.php?rest_route=%2Fwp%2Fv2%2Fmedia&parent=30855"}],"wp:term":[{"taxonomy":"category","embeddable":true,"href":"https:\/\/gerardoduque.com.mx\/index.php?rest_route=%2Fwp%2Fv2%2Fcategories&post=30855"},{"taxonomy":"post_tag","embeddable":true,"href":"https:\/\/gerardoduque.com.mx\/index.php?rest_route=%2Fwp%2Fv2%2Ftags&post=30855"}],"curies":[{"name":"wp","href":"https:\/\/api.w.org\/{rel}","templated":true}]}}