{"id":30830,"date":"2024-10-22T12:36:30","date_gmt":"2024-10-22T18:36:30","guid":{"rendered":"https:\/\/gerardoduque.com.mx\/?p=30830"},"modified":"2024-10-22T12:36:34","modified_gmt":"2024-10-22T18:36:34","slug":"promueven-obra-del-arquitecto-alejandro-castillo-orejel","status":"publish","type":"post","link":"https:\/\/gerardoduque.com.mx\/?p=30830","title":{"rendered":"PROMUEVEN OBRA DEL ARQUITECTO ALEJANDRO CASTILLO OREJEL"},"content":{"rendered":"\n<p>El Archivo Hist\u00f3rico del Estado ofrecer\u00e1 este 24 de octubre de 2024, a las 18:00 horas, la conferencia inaugural y exposici\u00f3n \u201cObra y Afici\u00f3n del arquitecto Alejandro Castillo Orejel\u201d, un evento que dar\u00e1 oportunidad de descubrir la trayectoria de uno de los arquitectos m\u00e1s destacados que han moldeado el paisaje de San Luis Potos\u00ed.<\/p>\n\n\n\n<p>La actividad busca promover el trabajo de quienes han aportado al desarrollo cultural y urbano de la regi\u00f3n, buscando as\u00ed fortalecer la identidad y acercar m\u00e1s apoyo en la preservaci\u00f3n de la historia de San Luis Potos\u00ed.<\/p>\n\n\n\n<p>Durante la conferencia, el arquitecto Castillo Orejel compartir\u00e1 su experiencia sobre proyectos como el Teatro de la Ciudad del parque Tangamanga, la remodelaci\u00f3n del Hotel Palacio San Agust\u00edn, as\u00ed como su perspectiva sobre el crecimiento del Estado, adem\u00e1s de su faceta art\u00edstica en fotograf\u00eda y pintura, destacando im\u00e1genes de Real de Catorce. Al finalizar la charla, se realizar\u00e1 el corte de list\u00f3n de la exposici\u00f3n, en donde el p\u00fablico apreciar\u00e1 una selecci\u00f3n de fotograf\u00edas y planos de sus obras m\u00e1s representativas, en las instalaciones de la dependencia en Mariano Arista 400, en el Centro Hist\u00f3rico.<\/p>\n","protected":false},"excerpt":{"rendered":"<p>Organizan conferencia y exposici\u00f3n de uno de los arquitectos m\u00e1s destacados que han moldeado el paisaje de San Luis Potos\u00ed.<\/p>\n","protected":false},"author":4,"featured_media":30831,"comment_status":"closed","ping_status":"closed","sticky":false,"template":"","format":"standard","meta":{"_et_pb_use_builder":"off","_et_pb_old_content":"","_et_gb_content_width":"","footnotes":""},"categories":[280],"tags":[331,72,66],"class_list":["post-30830","post","type-post","status-publish","format-standard","has-post-thumbnail","hentry","category-gob-slp","tag-archivo-historico","tag-gobierno-del-estado","tag-san-luis-potosi"],"_links":{"self":[{"href":"https:\/\/gerardoduque.com.mx\/index.php?rest_route=\/wp\/v2\/posts\/30830","targetHints":{"allow":["GET"]}}],"collection":[{"href":"https:\/\/gerardoduque.com.mx\/index.php?rest_route=\/wp\/v2\/posts"}],"about":[{"href":"https:\/\/gerardoduque.com.mx\/index.php?rest_route=\/wp\/v2\/types\/post"}],"author":[{"embeddable":true,"href":"https:\/\/gerardoduque.com.mx\/index.php?rest_route=\/wp\/v2\/users\/4"}],"replies":[{"embeddable":true,"href":"https:\/\/gerardoduque.com.mx\/index.php?rest_route=%2Fwp%2Fv2%2Fcomments&post=30830"}],"version-history":[{"count":0,"href":"https:\/\/gerardoduque.com.mx\/index.php?rest_route=\/wp\/v2\/posts\/30830\/revisions"}],"wp:featuredmedia":[{"embeddable":true,"href":"https:\/\/gerardoduque.com.mx\/index.php?rest_route=\/wp\/v2\/media\/30831"}],"wp:attachment":[{"href":"https:\/\/gerardoduque.com.mx\/index.php?rest_route=%2Fwp%2Fv2%2Fmedia&parent=30830"}],"wp:term":[{"taxonomy":"category","embeddable":true,"href":"https:\/\/gerardoduque.com.mx\/index.php?rest_route=%2Fwp%2Fv2%2Fcategories&post=30830"},{"taxonomy":"post_tag","embeddable":true,"href":"https:\/\/gerardoduque.com.mx\/index.php?rest_route=%2Fwp%2Fv2%2Ftags&post=30830"}],"curies":[{"name":"wp","href":"https:\/\/api.w.org\/{rel}","templated":true}]}}