{"id":30791,"date":"2024-10-21T12:26:51","date_gmt":"2024-10-21T18:26:51","guid":{"rendered":"https:\/\/gerardoduque.com.mx\/?p=30791"},"modified":"2024-10-21T12:26:56","modified_gmt":"2024-10-21T18:26:56","slug":"realizan-la-tercera-sesion-ordinaria-del-consejo-estatal-de-areas-naturales-protegidas","status":"publish","type":"post","link":"https:\/\/gerardoduque.com.mx\/?p=30791","title":{"rendered":"REALIZAN LA TERCERA SESI\u00d3N ORDINARIA DEL CONSEJO ESTATAL DE \u00c1REAS NATURALES PROTEGIDAS"},"content":{"rendered":"\n<p>En b\u00fasqueda de sumar a la preservaci\u00f3n de los ecosistemas potosinos, durante la tercera sesi\u00f3n ordinaria del Consejo Estatal de \u00c1reas Naturales Protegidas, que se realiz\u00f3 en la Secretar\u00eda de Desarrollo Agropecuario y Recursos Hidr\u00e1ulicos, autoridades estatales revisaron la primera etapa del cat\u00e1logo de especies silvestres de San Luis Potos\u00ed, para dar continuidad a las acciones de cuidado y rescate de especies silvestres \u00fanicas, en las regiones Wirikuta del Altiplano y Los Peroles en la regi\u00f3n Media.<\/p>\n\n\n\n<p>Durante la sesi\u00f3n se dieron a conocer los avances para integrar el expediente para solicitar el reconocimiento de \u00c1rea Destinada Voluntariamente a la Conservaci\u00f3n al manantial Los Peroles, en el municipio de Rioverde, y revisaron la situaci\u00f3n que guarda el \u00c1rea Natural de Wirikuta en el Decreto Federal derivado del Plan Nacional de Justicia Ind\u00edgena.<\/p>\n\n\n\n<p>Se reconoci\u00f3 el trabajo del Consejo, y se extendi\u00f3 un llamado a los integrantes del sector social, p\u00fablico y privado, a seguir en el fomento de la cooperaci\u00f3n y conservaci\u00f3n de las \u00e1reas naturales y la vida silvestre del Estado de San Luis Potos\u00ed.<\/p>\n","protected":false},"excerpt":{"rendered":"<p>Se revis\u00f3 la primera etapa del cat\u00e1logo de especies silvestres \u00fanicas en las regiones Wirikuta del Altiplano y Los Peroles en la regi\u00f3n Media.<\/p>\n","protected":false},"author":4,"featured_media":30792,"comment_status":"closed","ping_status":"closed","sticky":false,"template":"","format":"standard","meta":{"_et_pb_use_builder":"off","_et_pb_old_content":"","_et_gb_content_width":"","footnotes":""},"categories":[280],"tags":[72,66,234],"class_list":["post-30791","post","type-post","status-publish","format-standard","has-post-thumbnail","hentry","category-gob-slp","tag-gobierno-del-estado","tag-san-luis-potosi","tag-sedarh"],"_links":{"self":[{"href":"https:\/\/gerardoduque.com.mx\/index.php?rest_route=\/wp\/v2\/posts\/30791","targetHints":{"allow":["GET"]}}],"collection":[{"href":"https:\/\/gerardoduque.com.mx\/index.php?rest_route=\/wp\/v2\/posts"}],"about":[{"href":"https:\/\/gerardoduque.com.mx\/index.php?rest_route=\/wp\/v2\/types\/post"}],"author":[{"embeddable":true,"href":"https:\/\/gerardoduque.com.mx\/index.php?rest_route=\/wp\/v2\/users\/4"}],"replies":[{"embeddable":true,"href":"https:\/\/gerardoduque.com.mx\/index.php?rest_route=%2Fwp%2Fv2%2Fcomments&post=30791"}],"version-history":[{"count":0,"href":"https:\/\/gerardoduque.com.mx\/index.php?rest_route=\/wp\/v2\/posts\/30791\/revisions"}],"wp:featuredmedia":[{"embeddable":true,"href":"https:\/\/gerardoduque.com.mx\/index.php?rest_route=\/wp\/v2\/media\/30792"}],"wp:attachment":[{"href":"https:\/\/gerardoduque.com.mx\/index.php?rest_route=%2Fwp%2Fv2%2Fmedia&parent=30791"}],"wp:term":[{"taxonomy":"category","embeddable":true,"href":"https:\/\/gerardoduque.com.mx\/index.php?rest_route=%2Fwp%2Fv2%2Fcategories&post=30791"},{"taxonomy":"post_tag","embeddable":true,"href":"https:\/\/gerardoduque.com.mx\/index.php?rest_route=%2Fwp%2Fv2%2Ftags&post=30791"}],"curies":[{"name":"wp","href":"https:\/\/api.w.org\/{rel}","templated":true}]}}