{"id":30777,"date":"2024-10-20T10:19:04","date_gmt":"2024-10-20T16:19:04","guid":{"rendered":"https:\/\/gerardoduque.com.mx\/?p=30777"},"modified":"2024-10-20T10:19:07","modified_gmt":"2024-10-20T16:19:07","slug":"realizan-mesa-de-dialogo-con-adultos-mayores-de-pueblos-originarios","status":"publish","type":"post","link":"https:\/\/gerardoduque.com.mx\/?p=30777","title":{"rendered":"REALIZAN MESA DE DI\u00c1LOGO CON ADULTOS MAYORES DE PUEBLOS ORIGINARIOS"},"content":{"rendered":"\n<p>El Consejo Estatal de Poblaci\u00f3n realiz\u00f3 la conferencia \u201cVejez Ind\u00edgena vs Vejez Occidental\u201d, con el prop\u00f3sito de visibilizar a este sector y garantizar el cumplimiento de sus derechos y brindar atenci\u00f3n a los adultos mayores de comunidades ind\u00edgenas y pueblos originarios de San Luis Potos\u00ed.<\/p>\n\n\n\n<p>Se deriv\u00f3 una mesa de di\u00e1logo en la que se visibilizaron y escucharon las voces de los adultos mayores pertenecientes a las comunidades y pueblos originarios en el Estado, ya que actualmente 13 de cada 100 adultos mayores del estado, hablan alguna lengua ind\u00edgena por lo que es trascendental garantizar su atenci\u00f3n y brindar los apoyos que otorgan las pol\u00edticas p\u00fablicas que emprende la administraci\u00f3n estatal.<\/p>\n\n\n\n<p>Este espaci\u00f3 cont\u00f3 con la participaci\u00f3n de autoridades como el DIF estatal, a trav\u00e9s de la Procuradur\u00eda de la Defensa de las Personas Adultas Mayores, el Instituto de Desarrollo Humano y Social de los Pueblos y Comunidades Ind\u00edgenas y de consejeras y consejeros de las comunidades ind\u00edgenas.<\/p>\n","protected":false},"excerpt":{"rendered":"<p>En San Luis Potos\u00ed, 13 de cada 100 adultos mayores, hablan alguna lengua ind\u00edgena<\/p>\n","protected":false},"author":4,"featured_media":30778,"comment_status":"closed","ping_status":"closed","sticky":false,"template":"","format":"standard","meta":{"_et_pb_use_builder":"off","_et_pb_old_content":"","_et_gb_content_width":"","footnotes":""},"categories":[280],"tags":[389,72,395,66],"class_list":["post-30777","post","type-post","status-publish","format-standard","has-post-thumbnail","hentry","category-gob-slp","tag-coespo","tag-gobierno-del-estado","tag-indepi","tag-san-luis-potosi"],"_links":{"self":[{"href":"https:\/\/gerardoduque.com.mx\/index.php?rest_route=\/wp\/v2\/posts\/30777","targetHints":{"allow":["GET"]}}],"collection":[{"href":"https:\/\/gerardoduque.com.mx\/index.php?rest_route=\/wp\/v2\/posts"}],"about":[{"href":"https:\/\/gerardoduque.com.mx\/index.php?rest_route=\/wp\/v2\/types\/post"}],"author":[{"embeddable":true,"href":"https:\/\/gerardoduque.com.mx\/index.php?rest_route=\/wp\/v2\/users\/4"}],"replies":[{"embeddable":true,"href":"https:\/\/gerardoduque.com.mx\/index.php?rest_route=%2Fwp%2Fv2%2Fcomments&post=30777"}],"version-history":[{"count":0,"href":"https:\/\/gerardoduque.com.mx\/index.php?rest_route=\/wp\/v2\/posts\/30777\/revisions"}],"wp:featuredmedia":[{"embeddable":true,"href":"https:\/\/gerardoduque.com.mx\/index.php?rest_route=\/wp\/v2\/media\/30778"}],"wp:attachment":[{"href":"https:\/\/gerardoduque.com.mx\/index.php?rest_route=%2Fwp%2Fv2%2Fmedia&parent=30777"}],"wp:term":[{"taxonomy":"category","embeddable":true,"href":"https:\/\/gerardoduque.com.mx\/index.php?rest_route=%2Fwp%2Fv2%2Fcategories&post=30777"},{"taxonomy":"post_tag","embeddable":true,"href":"https:\/\/gerardoduque.com.mx\/index.php?rest_route=%2Fwp%2Fv2%2Ftags&post=30777"}],"curies":[{"name":"wp","href":"https:\/\/api.w.org\/{rel}","templated":true}]}}