{"id":30768,"date":"2024-10-20T10:03:14","date_gmt":"2024-10-20T16:03:14","guid":{"rendered":"https:\/\/gerardoduque.com.mx\/?p=30768"},"modified":"2024-10-20T10:03:16","modified_gmt":"2024-10-20T16:03:16","slug":"capacitan-a-ayuntamientos-para-hacer-buen-uso-de-recursos-en-seguridad","status":"publish","type":"post","link":"https:\/\/gerardoduque.com.mx\/?p=30768","title":{"rendered":"CAPACITAN A AYUNTAMIENTOS PARA HACER BUEN USO DE RECURSOS EN SEGURIDAD"},"content":{"rendered":"\n<p>Para garantizar que los ayuntamientos hagan buen uso de los recursos en materia de seguridad y con ello brinden paz y tranquilidad a las familias de las cuatro regiones, el Secretariado Ejecutivo del Consejo Estatal de Seguridad P\u00fablica imparti\u00f3 desde el Centro Cultural de Matehuala la capacitaci\u00f3n \u00abResponsabilidades Municipales en materia de Seguridad P\u00fablica\u00bb, a funcionarios municipales del Altiplano.<\/p>\n\n\n\n<p>En el curso destac\u00f3 el tema Certificado \u00danico Policial, con \u00e9nfasis en la importancia de conocer c\u00f3mo se deben ejercer los recursos del Fondo de Aportaciones para el Fortalecimiento de los Municipios.<\/p>\n\n\n\n<p>Adem\u00e1s de los temas instalaci\u00f3n y sesiones de los consejos municipales de Seguridad P\u00fablica; Registro Nacional de Detenciones; Informe Policial Homologado; inscripci\u00f3n de elementos en el Registro Nacional de Personal de Seguridad P\u00fablica, entre otros.<\/p>\n","protected":false},"excerpt":{"rendered":"<p>Se imparti\u00f3 el curso \u00abResponsabilidades Municipales en materia de Seguridad P\u00fablica\u00bb, a funcionarios municipales del Altiplano.<\/p>\n","protected":false},"author":4,"featured_media":30769,"comment_status":"closed","ping_status":"closed","sticky":false,"template":"","format":"standard","meta":{"_et_pb_use_builder":"off","_et_pb_old_content":"","_et_gb_content_width":"","footnotes":""},"categories":[280],"tags":[72,66,344],"class_list":["post-30768","post","type-post","status-publish","format-standard","has-post-thumbnail","hentry","category-gob-slp","tag-gobierno-del-estado","tag-san-luis-potosi","tag-secesp"],"_links":{"self":[{"href":"https:\/\/gerardoduque.com.mx\/index.php?rest_route=\/wp\/v2\/posts\/30768","targetHints":{"allow":["GET"]}}],"collection":[{"href":"https:\/\/gerardoduque.com.mx\/index.php?rest_route=\/wp\/v2\/posts"}],"about":[{"href":"https:\/\/gerardoduque.com.mx\/index.php?rest_route=\/wp\/v2\/types\/post"}],"author":[{"embeddable":true,"href":"https:\/\/gerardoduque.com.mx\/index.php?rest_route=\/wp\/v2\/users\/4"}],"replies":[{"embeddable":true,"href":"https:\/\/gerardoduque.com.mx\/index.php?rest_route=%2Fwp%2Fv2%2Fcomments&post=30768"}],"version-history":[{"count":0,"href":"https:\/\/gerardoduque.com.mx\/index.php?rest_route=\/wp\/v2\/posts\/30768\/revisions"}],"wp:featuredmedia":[{"embeddable":true,"href":"https:\/\/gerardoduque.com.mx\/index.php?rest_route=\/wp\/v2\/media\/30769"}],"wp:attachment":[{"href":"https:\/\/gerardoduque.com.mx\/index.php?rest_route=%2Fwp%2Fv2%2Fmedia&parent=30768"}],"wp:term":[{"taxonomy":"category","embeddable":true,"href":"https:\/\/gerardoduque.com.mx\/index.php?rest_route=%2Fwp%2Fv2%2Fcategories&post=30768"},{"taxonomy":"post_tag","embeddable":true,"href":"https:\/\/gerardoduque.com.mx\/index.php?rest_route=%2Fwp%2Fv2%2Ftags&post=30768"}],"curies":[{"name":"wp","href":"https:\/\/api.w.org\/{rel}","templated":true}]}}