{"id":30765,"date":"2024-10-20T09:58:47","date_gmt":"2024-10-20T15:58:47","guid":{"rendered":"https:\/\/gerardoduque.com.mx\/?p=30765"},"modified":"2024-10-20T09:58:51","modified_gmt":"2024-10-20T15:58:51","slug":"capacitan-a-prestadores-de-servicios-en-la-huasteca-por-xantolo","status":"publish","type":"post","link":"https:\/\/gerardoduque.com.mx\/?p=30765","title":{"rendered":"CAPACITAN A PRESTADORES DE SERVICIOS EN LA HUASTECA POR XANTOLO\u00a0"},"content":{"rendered":"\n<p>La Secretar\u00eda de Turismo realiz\u00f3 el taller denominado \u00abXantolo para Turistas\u00bb, impartido por el investigador Jorge Cervera M\u00e9ndez, experto en la tradici\u00f3n de D\u00eda de Muertos, en b\u00fasqueda de continuar promocionando y difundir informaci\u00f3n adecuada a los visitantes nacionales y extranjeros que llegan a la Huasteca para disfrutar del Xantolo.<\/p>\n\n\n\n<p>En el curso se dieron a conocer los fundamentos principales de este festejo, profundamente ligado a los usos y costumbres de las comunidades ind\u00edgenas de la regi\u00f3n, para que las y los operadores puedan ofrecer mejores servicios en apego a la cultura potosina. Debido a la gran aceptaci\u00f3n del taller \u00abXantolo para Turistas\u00bb, este se replicar\u00e1 en las regiones Media y Altiplano.<\/p>\n\n\n\n<p>Adem\u00e1s de las actividades que se desarrollan en torno al Xantolo a nivel estatal con el Festival Xantolo se vive en tu Ciudad, una delegaci\u00f3n de comparsas de la Huasteca potosina representar\u00e1 a M\u00e9xico en Chicago, para proyectar al Estado a nivel mundial, pues tambi\u00e9n se proyecta llevar esta tradici\u00f3n a Europa y Asia en las pr\u00f3ximas ediciones.<\/p>\n","protected":false},"excerpt":{"rendered":"<p>Se realiz\u00f3 el taller denominado \u00abXantolo para Turistas\u00bb, impartido por el investigador Jorge Cervera M\u00e9ndez, experto en la tradici\u00f3n de D\u00eda de Muertos.<\/p>\n","protected":false},"author":4,"featured_media":30766,"comment_status":"closed","ping_status":"closed","sticky":false,"template":"","format":"standard","meta":{"_et_pb_use_builder":"off","_et_pb_old_content":"","_et_gb_content_width":"","footnotes":""},"categories":[280],"tags":[72,66,316],"class_list":["post-30765","post","type-post","status-publish","format-standard","has-post-thumbnail","hentry","category-gob-slp","tag-gobierno-del-estado","tag-san-luis-potosi","tag-sectur"],"_links":{"self":[{"href":"https:\/\/gerardoduque.com.mx\/index.php?rest_route=\/wp\/v2\/posts\/30765","targetHints":{"allow":["GET"]}}],"collection":[{"href":"https:\/\/gerardoduque.com.mx\/index.php?rest_route=\/wp\/v2\/posts"}],"about":[{"href":"https:\/\/gerardoduque.com.mx\/index.php?rest_route=\/wp\/v2\/types\/post"}],"author":[{"embeddable":true,"href":"https:\/\/gerardoduque.com.mx\/index.php?rest_route=\/wp\/v2\/users\/4"}],"replies":[{"embeddable":true,"href":"https:\/\/gerardoduque.com.mx\/index.php?rest_route=%2Fwp%2Fv2%2Fcomments&post=30765"}],"version-history":[{"count":0,"href":"https:\/\/gerardoduque.com.mx\/index.php?rest_route=\/wp\/v2\/posts\/30765\/revisions"}],"wp:featuredmedia":[{"embeddable":true,"href":"https:\/\/gerardoduque.com.mx\/index.php?rest_route=\/wp\/v2\/media\/30766"}],"wp:attachment":[{"href":"https:\/\/gerardoduque.com.mx\/index.php?rest_route=%2Fwp%2Fv2%2Fmedia&parent=30765"}],"wp:term":[{"taxonomy":"category","embeddable":true,"href":"https:\/\/gerardoduque.com.mx\/index.php?rest_route=%2Fwp%2Fv2%2Fcategories&post=30765"},{"taxonomy":"post_tag","embeddable":true,"href":"https:\/\/gerardoduque.com.mx\/index.php?rest_route=%2Fwp%2Fv2%2Ftags&post=30765"}],"curies":[{"name":"wp","href":"https:\/\/api.w.org\/{rel}","templated":true}]}}