{"id":30762,"date":"2024-10-20T09:51:29","date_gmt":"2024-10-20T15:51:29","guid":{"rendered":"https:\/\/gerardoduque.com.mx\/?p=30762"},"modified":"2024-10-20T09:51:32","modified_gmt":"2024-10-20T15:51:32","slug":"inician-actividades-del-festival-de-xantolo-en-chicago","status":"publish","type":"post","link":"https:\/\/gerardoduque.com.mx\/?p=30762","title":{"rendered":"INICIAN ACTIVIDADES DEL FESTIVAL DE XANTOLO EN CHICAGO"},"content":{"rendered":"\n<p>El Festival Xantolo se vive en Chicago, se desarrolla con gran entusiasmo con la participaci\u00f3n de la comunidad de potosinos connacionales y mexicanos radicadas en Estados Unidos, con lo que se promueven las costumbres, y el misticismo Xantolo de la Huasteca potosina.<\/p>\n\n\n\n<p>El oficial mayor del ejecutivo acudi\u00f3 a las actividades culturales del programa en el Museo Nacional de Arte Mexicano de Chicago, Illinois, donde afirm\u00f3 que desde el inicio de la actual administraci\u00f3n estatal se fortalece el trabajo para preservar las tradiciones, brindar m\u00e1s apoyo a los pueblos originarios y exponer a nivel mundial la cosmovisi\u00f3n que representa el Xantolo.<\/p>\n\n\n\n<p>Con la muestra de los conversatorios, desfiles y comparsas, los asistentes mostraron inter\u00e9s por conocer y vivir la experiencia en los municipios de donde son originarias las tradiciones como: Aquism\u00f3n, Xilitla, San Antonio, Huehuetl\u00e1n, entre otros, por lo que hay una alta expectativa para que el pr\u00f3ximo a\u00f1o aumente el n\u00famero de visitantes extranjeros, generando una mayor difusi\u00f3n de las festividades y un realce tur\u00edstico y econ\u00f3mico.<\/p>\n","protected":false},"excerpt":{"rendered":"<p>Se promueven las costumbres, y el misticismo Xantolo de la Huasteca potosina.<\/p>\n","protected":false},"author":4,"featured_media":30763,"comment_status":"closed","ping_status":"closed","sticky":false,"template":"","format":"standard","meta":{"_et_pb_use_builder":"off","_et_pb_old_content":"","_et_gb_content_width":"","footnotes":""},"categories":[412,280],"tags":[72,66,200],"class_list":["post-30762","post","type-post","status-publish","format-standard","has-post-thumbnail","hentry","category-destacado","category-gob-slp","tag-gobierno-del-estado","tag-san-luis-potosi","tag-secult"],"_links":{"self":[{"href":"https:\/\/gerardoduque.com.mx\/index.php?rest_route=\/wp\/v2\/posts\/30762","targetHints":{"allow":["GET"]}}],"collection":[{"href":"https:\/\/gerardoduque.com.mx\/index.php?rest_route=\/wp\/v2\/posts"}],"about":[{"href":"https:\/\/gerardoduque.com.mx\/index.php?rest_route=\/wp\/v2\/types\/post"}],"author":[{"embeddable":true,"href":"https:\/\/gerardoduque.com.mx\/index.php?rest_route=\/wp\/v2\/users\/4"}],"replies":[{"embeddable":true,"href":"https:\/\/gerardoduque.com.mx\/index.php?rest_route=%2Fwp%2Fv2%2Fcomments&post=30762"}],"version-history":[{"count":0,"href":"https:\/\/gerardoduque.com.mx\/index.php?rest_route=\/wp\/v2\/posts\/30762\/revisions"}],"wp:featuredmedia":[{"embeddable":true,"href":"https:\/\/gerardoduque.com.mx\/index.php?rest_route=\/wp\/v2\/media\/30763"}],"wp:attachment":[{"href":"https:\/\/gerardoduque.com.mx\/index.php?rest_route=%2Fwp%2Fv2%2Fmedia&parent=30762"}],"wp:term":[{"taxonomy":"category","embeddable":true,"href":"https:\/\/gerardoduque.com.mx\/index.php?rest_route=%2Fwp%2Fv2%2Fcategories&post=30762"},{"taxonomy":"post_tag","embeddable":true,"href":"https:\/\/gerardoduque.com.mx\/index.php?rest_route=%2Fwp%2Fv2%2Ftags&post=30762"}],"curies":[{"name":"wp","href":"https:\/\/api.w.org\/{rel}","templated":true}]}}