{"id":30758,"date":"2024-10-19T16:10:41","date_gmt":"2024-10-19T22:10:41","guid":{"rendered":"https:\/\/gerardoduque.com.mx\/?p=30758"},"modified":"2024-10-19T16:10:45","modified_gmt":"2024-10-19T22:10:45","slug":"proyectan-importante-derrama-economica-en-slp-tras-nacional-charro-2024","status":"publish","type":"post","link":"https:\/\/gerardoduque.com.mx\/?p=30758","title":{"rendered":"PROYECTAN IMPORTANTE DERRAMA ECON\u00d3MICA EN SLP TRAS NACIONAL CHARRO 2024"},"content":{"rendered":"\n<p>Tras la inauguraci\u00f3n del LXXX Congreso y Campeonato Nacional Charro 2024 \u201cDon Esteban Gonz\u00e1lez Ortiz\u201d, que se celebra en la nueva Arena Potos\u00ed, la Secretar\u00eda de Desarrollo Econ\u00f3mico resalt\u00f3 que estos eventos lograr\u00e1n proyectar a San Luis Potos\u00ed como una de las principales opciones para eventos nacionales e internacionales, deportivos, culturales, art\u00edsticos, de espect\u00e1culos, convenciones, lo que contribuye al dinamismo de la entidad y a su crecimiento econ\u00f3mico y social.<\/p>\n\n\n\n<p>De acuerdo con la dependencia, este evento deportivo dejar\u00e1 una derrama millonaria que reactiva los sectores econ\u00f3micos como: ocupaci\u00f3n hotelera, restaurantes y otros servicios.<\/p>\n\n\n\n<p>Este tipo de eventos, San Luis Potos\u00ed sigue destacando a nivel nacional por consolidarse entre los principales destinos por su gran infraestructura, facilidad para hacer negocios, adem\u00e1s de la excelente posici\u00f3n geogr\u00e1fica.<\/p>\n","protected":false},"excerpt":{"rendered":"<p>Este evento deportivo dejar\u00e1 una derrama millonaria que reactiva los sectores econ\u00f3micos como: ocupaci\u00f3n hotelera, restaurantes y otros servicios.<\/p>\n","protected":false},"author":4,"featured_media":30759,"comment_status":"closed","ping_status":"closed","sticky":false,"template":"","format":"standard","meta":{"_et_pb_use_builder":"off","_et_pb_old_content":"","_et_gb_content_width":"","footnotes":""},"categories":[280],"tags":[72,66,201],"class_list":["post-30758","post","type-post","status-publish","format-standard","has-post-thumbnail","hentry","category-gob-slp","tag-gobierno-del-estado","tag-san-luis-potosi","tag-sedeco"],"_links":{"self":[{"href":"https:\/\/gerardoduque.com.mx\/index.php?rest_route=\/wp\/v2\/posts\/30758","targetHints":{"allow":["GET"]}}],"collection":[{"href":"https:\/\/gerardoduque.com.mx\/index.php?rest_route=\/wp\/v2\/posts"}],"about":[{"href":"https:\/\/gerardoduque.com.mx\/index.php?rest_route=\/wp\/v2\/types\/post"}],"author":[{"embeddable":true,"href":"https:\/\/gerardoduque.com.mx\/index.php?rest_route=\/wp\/v2\/users\/4"}],"replies":[{"embeddable":true,"href":"https:\/\/gerardoduque.com.mx\/index.php?rest_route=%2Fwp%2Fv2%2Fcomments&post=30758"}],"version-history":[{"count":0,"href":"https:\/\/gerardoduque.com.mx\/index.php?rest_route=\/wp\/v2\/posts\/30758\/revisions"}],"wp:featuredmedia":[{"embeddable":true,"href":"https:\/\/gerardoduque.com.mx\/index.php?rest_route=\/wp\/v2\/media\/30759"}],"wp:attachment":[{"href":"https:\/\/gerardoduque.com.mx\/index.php?rest_route=%2Fwp%2Fv2%2Fmedia&parent=30758"}],"wp:term":[{"taxonomy":"category","embeddable":true,"href":"https:\/\/gerardoduque.com.mx\/index.php?rest_route=%2Fwp%2Fv2%2Fcategories&post=30758"},{"taxonomy":"post_tag","embeddable":true,"href":"https:\/\/gerardoduque.com.mx\/index.php?rest_route=%2Fwp%2Fv2%2Ftags&post=30758"}],"curies":[{"name":"wp","href":"https:\/\/api.w.org\/{rel}","templated":true}]}}