{"id":30748,"date":"2024-10-19T10:28:32","date_gmt":"2024-10-19T16:28:32","guid":{"rendered":"https:\/\/gerardoduque.com.mx\/?p=30748"},"modified":"2024-10-19T10:28:35","modified_gmt":"2024-10-19T16:28:35","slug":"instalan-centro-de-acopio-en-beneficio-de-familias-afectadas-en-guerrero","status":"publish","type":"post","link":"https:\/\/gerardoduque.com.mx\/?p=30748","title":{"rendered":"INSTALAN CENTRO DE ACOPIO EN BENEFICIO DE FAMILIAS AFECTADAS EN GUERRERO"},"content":{"rendered":"\n<p>Debido a que, en septiembre un hurac\u00e1n de categor\u00eda tres, toc\u00f3 tierra, afectando a 28 municipios de Guerrero y ante la declaratoria de emergencia, el Gobierno del Estado de San Luis Potos\u00ed, a trav\u00e9s del Sistema Estatal para el Desarrollo Integral de la Familia, estableci\u00f3 un centro de acopio, por lo que invita a los potosinos, a contribuir con esta noble causa en apoyo a las familias de esa regi\u00f3n del pa\u00eds.<\/p>\n\n\n\n<p>La campa\u00f1a busca llevar m\u00e1s apoyo a las y los damnificados que dej\u00f3 el fen\u00f3meno meteorol\u00f3gico, tal y como se hizo el a\u00f1o pasado con la recolecci\u00f3n de 30 toneladas para Guerrero y 20 m\u00e1s para los afectados en Veracruz.<\/p>\n\n\n\n<p>Es una oportunidad de mostrar nuevamente la calidez y solidaridad al extender la mano a quienes m\u00e1s lo necesitan en este momento, por lo que invit\u00f3 a donar alimentos no perecederos, art\u00edculos para beb\u00e9, art\u00edculos de higiene personal, productos de limpieza, utensilios de cocina, cobijas y colchonetas, entre otros, contribuiremos a que los guerrerenses afectados superen esta emergencia y recuperen su calidad de vida, puntualiz\u00f3.<\/p>\n\n\n\n<p>El centro de acopio ser\u00e1 en el edificio central de DIF Estatal ubicado en Nicol\u00e1s Fernando Torre 500, colonia Jard\u00edn, en horario de recepci\u00f3n de 08:00 a 15:00 horas, y hasta el 25 de octubre.<\/p>\n","protected":false},"excerpt":{"rendered":"<p>Convocan a la sociedad a realizar donativos de insumos no perecederos, que ser\u00e1n entregados al Sistema Nacional DIF para su distribuci\u00f3n en zonas afectadas <\/p>\n","protected":false},"author":4,"featured_media":30749,"comment_status":"closed","ping_status":"closed","sticky":false,"template":"","format":"standard","meta":{"_et_pb_use_builder":"off","_et_pb_old_content":"","_et_gb_content_width":"","footnotes":""},"categories":[280],"tags":[180,72,66],"class_list":["post-30748","post","type-post","status-publish","format-standard","has-post-thumbnail","hentry","category-gob-slp","tag-dif-estatal","tag-gobierno-del-estado","tag-san-luis-potosi"],"_links":{"self":[{"href":"https:\/\/gerardoduque.com.mx\/index.php?rest_route=\/wp\/v2\/posts\/30748","targetHints":{"allow":["GET"]}}],"collection":[{"href":"https:\/\/gerardoduque.com.mx\/index.php?rest_route=\/wp\/v2\/posts"}],"about":[{"href":"https:\/\/gerardoduque.com.mx\/index.php?rest_route=\/wp\/v2\/types\/post"}],"author":[{"embeddable":true,"href":"https:\/\/gerardoduque.com.mx\/index.php?rest_route=\/wp\/v2\/users\/4"}],"replies":[{"embeddable":true,"href":"https:\/\/gerardoduque.com.mx\/index.php?rest_route=%2Fwp%2Fv2%2Fcomments&post=30748"}],"version-history":[{"count":0,"href":"https:\/\/gerardoduque.com.mx\/index.php?rest_route=\/wp\/v2\/posts\/30748\/revisions"}],"wp:featuredmedia":[{"embeddable":true,"href":"https:\/\/gerardoduque.com.mx\/index.php?rest_route=\/wp\/v2\/media\/30749"}],"wp:attachment":[{"href":"https:\/\/gerardoduque.com.mx\/index.php?rest_route=%2Fwp%2Fv2%2Fmedia&parent=30748"}],"wp:term":[{"taxonomy":"category","embeddable":true,"href":"https:\/\/gerardoduque.com.mx\/index.php?rest_route=%2Fwp%2Fv2%2Fcategories&post=30748"},{"taxonomy":"post_tag","embeddable":true,"href":"https:\/\/gerardoduque.com.mx\/index.php?rest_route=%2Fwp%2Fv2%2Ftags&post=30748"}],"curies":[{"name":"wp","href":"https:\/\/api.w.org\/{rel}","templated":true}]}}