{"id":30745,"date":"2024-10-19T10:21:32","date_gmt":"2024-10-19T16:21:32","guid":{"rendered":"https:\/\/gerardoduque.com.mx\/?p=30745"},"modified":"2024-10-19T10:21:35","modified_gmt":"2024-10-19T16:21:35","slug":"inician-acciones-para-la-regularizacion-de-la-tenencia-de-la-tierra-en-la-huasteca","status":"publish","type":"post","link":"https:\/\/gerardoduque.com.mx\/?p=30745","title":{"rendered":"INICIAN ACCIONES PARA LA REGULARIZACI\u00d3N DE LA TENENCIA DE LA TIERRA EN LA HUASTECA"},"content":{"rendered":"\n<p>En b\u00fasqueda de avanzar en el trabajo de regularizaci\u00f3n de propiedades, que ampl\u00ede el apoyo a los potosinos de las cuatro regiones del Estado, el Instituto de Regularizaci\u00f3n y Vivienda Social del Estado acord\u00f3 con los alcaldes de la Huasteca sur, firmar un convenio de colaboraci\u00f3n para facilitar que las Brigadas para la Regularizaci\u00f3n para la Tenencia de la Tierra, puedan atender a quienes requieran estos tr\u00e1mites, directamente en sus lugares de residencia.<\/p>\n\n\n\n<p>El director del Inrevis, encabez\u00f3 una reuni\u00f3n en Xilitla, donde resalt\u00f3 la importancia de que las familias potosinas que desean realizar los tr\u00e1mites de regularizaci\u00f3n puedan hacerlo directamente en sus lugares de residencia.<\/p>\n\n\n\n<p>Dijo que el convenio busca promover una colaboraci\u00f3n del Estado con los gobiernos municipales, para que los programas de regularizaci\u00f3n sean m\u00e1s accesibles y al alcance de las y los interesados; por lo que los alcaldes de Xilitla, Aquism\u00f3n, San Antonio, Coxcatl\u00e1n y de Tampamol\u00f3n, acordaron trabajar de manera coordinada para lograr una mayor cobertura de atenci\u00f3n en los tr\u00e1mites de regularizaci\u00f3n.<\/p>\n","protected":false},"excerpt":{"rendered":"<p>El Instituto de Regularizaci\u00f3n y Vivienda Social del Estado acuerda con alcaldes de la regi\u00f3n sur, coordinaci\u00f3n para facilitar y ofrecer mayor cobertura en escrituraci\u00f3n<\/p>\n","protected":false},"author":4,"featured_media":30746,"comment_status":"closed","ping_status":"closed","sticky":false,"template":"","format":"standard","meta":{"_et_pb_use_builder":"off","_et_pb_old_content":"","_et_gb_content_width":"","footnotes":""},"categories":[280],"tags":[72,494,66],"class_list":["post-30745","post","type-post","status-publish","format-standard","has-post-thumbnail","hentry","category-gob-slp","tag-gobierno-del-estado","tag-inrevis","tag-san-luis-potosi"],"_links":{"self":[{"href":"https:\/\/gerardoduque.com.mx\/index.php?rest_route=\/wp\/v2\/posts\/30745","targetHints":{"allow":["GET"]}}],"collection":[{"href":"https:\/\/gerardoduque.com.mx\/index.php?rest_route=\/wp\/v2\/posts"}],"about":[{"href":"https:\/\/gerardoduque.com.mx\/index.php?rest_route=\/wp\/v2\/types\/post"}],"author":[{"embeddable":true,"href":"https:\/\/gerardoduque.com.mx\/index.php?rest_route=\/wp\/v2\/users\/4"}],"replies":[{"embeddable":true,"href":"https:\/\/gerardoduque.com.mx\/index.php?rest_route=%2Fwp%2Fv2%2Fcomments&post=30745"}],"version-history":[{"count":0,"href":"https:\/\/gerardoduque.com.mx\/index.php?rest_route=\/wp\/v2\/posts\/30745\/revisions"}],"wp:featuredmedia":[{"embeddable":true,"href":"https:\/\/gerardoduque.com.mx\/index.php?rest_route=\/wp\/v2\/media\/30746"}],"wp:attachment":[{"href":"https:\/\/gerardoduque.com.mx\/index.php?rest_route=%2Fwp%2Fv2%2Fmedia&parent=30745"}],"wp:term":[{"taxonomy":"category","embeddable":true,"href":"https:\/\/gerardoduque.com.mx\/index.php?rest_route=%2Fwp%2Fv2%2Fcategories&post=30745"},{"taxonomy":"post_tag","embeddable":true,"href":"https:\/\/gerardoduque.com.mx\/index.php?rest_route=%2Fwp%2Fv2%2Ftags&post=30745"}],"curies":[{"name":"wp","href":"https:\/\/api.w.org\/{rel}","templated":true}]}}