{"id":30740,"date":"2024-10-18T13:44:43","date_gmt":"2024-10-18T19:44:43","guid":{"rendered":"https:\/\/gerardoduque.com.mx\/?p=30740"},"modified":"2024-10-18T13:44:47","modified_gmt":"2024-10-18T19:44:47","slug":"entregan-rehabilitacion-en-conjunto-habitacional-torres-de-mexico","status":"publish","type":"post","link":"https:\/\/gerardoduque.com.mx\/?p=30740","title":{"rendered":"ENTREGAN REHABILITACI\u00d3N EN CONJUNTO HABITACIONAL TORRES DE M\u00c9XICO"},"content":{"rendered":"\n<p>M\u00e1s de 10 mil 746 habitantes del Conjunto Habitacional Torres de M\u00e9xico, cuentan ahora con espacios m\u00e1s dignos y modernizados con la rehabilitaci\u00f3n de su zona habitacional que inaugur\u00f3 este jueves el Gobernador del Estado, Ricardo Gallardo Cardona, con inversi\u00f3n de m\u00e1s de 10 millones de pesos.<\/p>\n\n\n\n<p>La rehabilitaci\u00f3n consisti\u00f3 en la aplicaci\u00f3n de 25 mil 800 metros cuadrados de pintura, reconstrucci\u00f3n de nuevas banquetas con rampas de accesibilidad y guarniciones, y dos mil metros cuadrados de restauraci\u00f3n de herrer\u00eda para protecci\u00f3n de fachadas, adecuaci\u00f3n de un espacio para juegos infantiles, delimitado por reja perimetral para mayor seguridad, y otra \u00e1rea con ejercitadores para adultos y j\u00f3venes.<\/p>\n\n\n\n<p>El Mandatario Estatal expres\u00f3 que las familias estar\u00e1n orgullosas de vivir en estos departamentos debido al cambio est\u00e9tico, adem\u00e1s de que sus habitantes ser\u00e1n m\u00e1s unidos, convivir\u00e1n m\u00e1s en los nuevos espacios, como el parque infantil y el gimnasio al aire libre, que son programa piloto para llevarlo a otras colonias, y obtendr\u00e1n una mayor plusval\u00eda de las propiedades para su beneficio.<\/p>\n","protected":false},"excerpt":{"rendered":"<p>La rehabilitaci\u00f3n consisti\u00f3 en la aplicaci\u00f3n de 25 mil 800 metros cuadrados de pintura, reconstrucci\u00f3n de nuevas banquetas con rampas de accesibilidad y guarniciones<\/p>\n","protected":false},"author":4,"featured_media":30741,"comment_status":"closed","ping_status":"closed","sticky":false,"template":"","format":"standard","meta":{"_et_pb_use_builder":"off","_et_pb_old_content":"","_et_gb_content_width":"","footnotes":""},"categories":[280],"tags":[72,66],"class_list":["post-30740","post","type-post","status-publish","format-standard","has-post-thumbnail","hentry","category-gob-slp","tag-gobierno-del-estado","tag-san-luis-potosi"],"_links":{"self":[{"href":"https:\/\/gerardoduque.com.mx\/index.php?rest_route=\/wp\/v2\/posts\/30740","targetHints":{"allow":["GET"]}}],"collection":[{"href":"https:\/\/gerardoduque.com.mx\/index.php?rest_route=\/wp\/v2\/posts"}],"about":[{"href":"https:\/\/gerardoduque.com.mx\/index.php?rest_route=\/wp\/v2\/types\/post"}],"author":[{"embeddable":true,"href":"https:\/\/gerardoduque.com.mx\/index.php?rest_route=\/wp\/v2\/users\/4"}],"replies":[{"embeddable":true,"href":"https:\/\/gerardoduque.com.mx\/index.php?rest_route=%2Fwp%2Fv2%2Fcomments&post=30740"}],"version-history":[{"count":0,"href":"https:\/\/gerardoduque.com.mx\/index.php?rest_route=\/wp\/v2\/posts\/30740\/revisions"}],"wp:featuredmedia":[{"embeddable":true,"href":"https:\/\/gerardoduque.com.mx\/index.php?rest_route=\/wp\/v2\/media\/30741"}],"wp:attachment":[{"href":"https:\/\/gerardoduque.com.mx\/index.php?rest_route=%2Fwp%2Fv2%2Fmedia&parent=30740"}],"wp:term":[{"taxonomy":"category","embeddable":true,"href":"https:\/\/gerardoduque.com.mx\/index.php?rest_route=%2Fwp%2Fv2%2Fcategories&post=30740"},{"taxonomy":"post_tag","embeddable":true,"href":"https:\/\/gerardoduque.com.mx\/index.php?rest_route=%2Fwp%2Fv2%2Ftags&post=30740"}],"curies":[{"name":"wp","href":"https:\/\/api.w.org\/{rel}","templated":true}]}}