{"id":30734,"date":"2024-10-18T13:36:07","date_gmt":"2024-10-18T19:36:07","guid":{"rendered":"https:\/\/gerardoduque.com.mx\/?p=30734"},"modified":"2024-10-18T13:36:11","modified_gmt":"2024-10-18T19:36:11","slug":"realizan-acciones-para-prevenir-enfermedades-respiratorias","status":"publish","type":"post","link":"https:\/\/gerardoduque.com.mx\/?p=30734","title":{"rendered":"REALIZAN ACCIONES PARA PREVENIR ENFERMEDADES RESPIRATORIAS"},"content":{"rendered":"\n<p>Derivado de la temporada de fr\u00edo, la Secretar\u00eda de Salud implementa acciones de prevenci\u00f3n que incluyen, el arranque de la vacunaci\u00f3n contra la influenza y la amplia difusi\u00f3n de recomendaciones en apoyo a ni\u00f1os menores de cinco a\u00f1os y persona adultas mayores, por ser los grupos m\u00e1s vulnerables.<\/p>\n\n\n\n<p>De acuerdo con la directora general de los Servicios de Salud, aunque los contagios por covid-19 han disminuido, a\u00fan hay presencia de la enfermedad y por la temporada de fr\u00edo, hay un incremento de otras enfermedades respiratorias como la influenza, la gripe com\u00fan, resfriados, neumon\u00edas, bronquitis, virus sincitial respiratorio y diarreas por rotavirus, por lo que es necesario reforzar el sistema inmune de grupos prioritarios para evitar infecciones respiratorias agudas.<\/p>\n\n\n\n<p>A partir del 15 de octubre est\u00e1 disponible en las unidades m\u00e9dicas de los Servicios de Salud, del Instituto Mexicano del Seguro Social, Instituto de Seguridad y Servicios Sociales de los Trabajadores del Estado, IMSS-Bienestar, Pemex y Sedena la vacuna contra la influenza, dirigida a ni\u00f1os de seis meses a cuatro a\u00f1os con once meses, mujeres embarazadas, personal de salud, personas con comorbilidades y de 60 a\u00f1os en adelante adem\u00e1s de la vacuna contra el Covid-19.<\/p>\n\n\n\n<p>Se recomend\u00f3 que para prevenir las infecciones respiratorias, adem\u00e1s de la vacuna, evitar cambios bruscos de temperatura, tomar abundantes l\u00edquidos, frutas y verduras amarillas o anaranjadas como la guayaba, papaya y naranja, lavarse las manos de forma frecuente, practicar el estornudo de etiqueta y ante la presencia de s\u00edntomas es necesario el uso de cubrebocas, no automedicarse y acudir a recibir atenci\u00f3n m\u00e9dica.<\/p>\n","protected":false},"excerpt":{"rendered":"<p>Ante la temporada invernal, se recomend\u00f3 a  tomar abundantes l\u00edquidos, comer frutas y verduras de temporada, y contar con esquema de vacunaci\u00f3n.<\/p>\n","protected":false},"author":4,"featured_media":30735,"comment_status":"closed","ping_status":"closed","sticky":false,"template":"","format":"standard","meta":{"_et_pb_use_builder":"off","_et_pb_old_content":"","_et_gb_content_width":"","footnotes":""},"categories":[280],"tags":[72,66,217],"class_list":["post-30734","post","type-post","status-publish","format-standard","has-post-thumbnail","hentry","category-gob-slp","tag-gobierno-del-estado","tag-san-luis-potosi","tag-ssa"],"_links":{"self":[{"href":"https:\/\/gerardoduque.com.mx\/index.php?rest_route=\/wp\/v2\/posts\/30734","targetHints":{"allow":["GET"]}}],"collection":[{"href":"https:\/\/gerardoduque.com.mx\/index.php?rest_route=\/wp\/v2\/posts"}],"about":[{"href":"https:\/\/gerardoduque.com.mx\/index.php?rest_route=\/wp\/v2\/types\/post"}],"author":[{"embeddable":true,"href":"https:\/\/gerardoduque.com.mx\/index.php?rest_route=\/wp\/v2\/users\/4"}],"replies":[{"embeddable":true,"href":"https:\/\/gerardoduque.com.mx\/index.php?rest_route=%2Fwp%2Fv2%2Fcomments&post=30734"}],"version-history":[{"count":0,"href":"https:\/\/gerardoduque.com.mx\/index.php?rest_route=\/wp\/v2\/posts\/30734\/revisions"}],"wp:featuredmedia":[{"embeddable":true,"href":"https:\/\/gerardoduque.com.mx\/index.php?rest_route=\/wp\/v2\/media\/30735"}],"wp:attachment":[{"href":"https:\/\/gerardoduque.com.mx\/index.php?rest_route=%2Fwp%2Fv2%2Fmedia&parent=30734"}],"wp:term":[{"taxonomy":"category","embeddable":true,"href":"https:\/\/gerardoduque.com.mx\/index.php?rest_route=%2Fwp%2Fv2%2Fcategories&post=30734"},{"taxonomy":"post_tag","embeddable":true,"href":"https:\/\/gerardoduque.com.mx\/index.php?rest_route=%2Fwp%2Fv2%2Ftags&post=30734"}],"curies":[{"name":"wp","href":"https:\/\/api.w.org\/{rel}","templated":true}]}}