{"id":30728,"date":"2024-10-18T06:04:36","date_gmt":"2024-10-18T12:04:36","guid":{"rendered":"https:\/\/gerardoduque.com.mx\/?p=30728"},"modified":"2024-10-18T06:04:40","modified_gmt":"2024-10-18T12:04:40","slug":"preparan-acompanamiento-a-migrantes-que-visitan-slp-en-temporada-vacacional","status":"publish","type":"post","link":"https:\/\/gerardoduque.com.mx\/?p=30728","title":{"rendered":"PREPARAN ACOMPA\u00d1AMIENTO A MIGRANTES QUE VISITAN SLP EN TEMPORADA VACACIONAL"},"content":{"rendered":"\n<p>Debido a que cerca de 12 mil connacionales volver\u00e1n a San Luis Potos\u00ed en temporada vacacional decembrina, el Instituto de Migraci\u00f3n y Enlace Internacional coordinar\u00e1 con dependencias federales, estatales, municipales y organizaciones no gubernamentales, estrategias y acciones encaminadas a la atenci\u00f3n, acompa\u00f1amiento y protecci\u00f3n de los potosinos y a quienes arriben a estados vecinos.<\/p>\n\n\n\n<p>El titular del IMEI dio a conocer que el 25 de octubre, se realizar\u00e1 una la mesa de trabajo y presentaci\u00f3n de la cuarta Caravana del Migrante Potosino en el municipio de Villa de Pozos, para coordinar esfuerzos con todas las dependencias involucradas en la atenci\u00f3n de los connacionales potosinos.<\/p>\n\n\n\n<p>Estas acciones buscan acompa\u00f1arles como desde hace tres a\u00f1os saliendo desde Brownsville, Texas, hasta sus lugares de origen en San Luis Potos\u00ed.<\/p>\n\n\n\n<p>Por \u00faltimo, se agreg\u00f3 que los connacionales vienen a municipios como Alaquines, Ciudad Valles, Ciudad Fern\u00e1ndez, Ciudad del Ma\u00edz, Cerritos, Lagunillas, Mexquitic, Rioverde, San Ciro de Acosta, Santa Catarina, Santa Mar\u00eda del R\u00edo, Salinas, Soledad de Graciano S\u00e1nchez, Tierra Nueva, Tamu\u00edn, Villa de Ramos, Villa de Reyes, la capital, entre otros, de acuerdo a las estad\u00edsticas de arribo que se han registrado en los \u00faltimos a\u00f1os, concluy\u00f3.<\/p>\n","protected":false},"excerpt":{"rendered":"<p>Cerca de 12 mil connacionales vuelven cada a\u00f1o a San Luis Potos\u00ed en temporada vacacional decembrina.<\/p>\n","protected":false},"author":4,"featured_media":12161,"comment_status":"closed","ping_status":"closed","sticky":false,"template":"","format":"standard","meta":{"_et_pb_use_builder":"off","_et_pb_old_content":"","_et_gb_content_width":"","footnotes":""},"categories":[280],"tags":[72,268,66],"class_list":["post-30728","post","type-post","status-publish","format-standard","has-post-thumbnail","hentry","category-gob-slp","tag-gobierno-del-estado","tag-imei","tag-san-luis-potosi"],"_links":{"self":[{"href":"https:\/\/gerardoduque.com.mx\/index.php?rest_route=\/wp\/v2\/posts\/30728","targetHints":{"allow":["GET"]}}],"collection":[{"href":"https:\/\/gerardoduque.com.mx\/index.php?rest_route=\/wp\/v2\/posts"}],"about":[{"href":"https:\/\/gerardoduque.com.mx\/index.php?rest_route=\/wp\/v2\/types\/post"}],"author":[{"embeddable":true,"href":"https:\/\/gerardoduque.com.mx\/index.php?rest_route=\/wp\/v2\/users\/4"}],"replies":[{"embeddable":true,"href":"https:\/\/gerardoduque.com.mx\/index.php?rest_route=%2Fwp%2Fv2%2Fcomments&post=30728"}],"version-history":[{"count":0,"href":"https:\/\/gerardoduque.com.mx\/index.php?rest_route=\/wp\/v2\/posts\/30728\/revisions"}],"wp:featuredmedia":[{"embeddable":true,"href":"https:\/\/gerardoduque.com.mx\/index.php?rest_route=\/wp\/v2\/media\/12161"}],"wp:attachment":[{"href":"https:\/\/gerardoduque.com.mx\/index.php?rest_route=%2Fwp%2Fv2%2Fmedia&parent=30728"}],"wp:term":[{"taxonomy":"category","embeddable":true,"href":"https:\/\/gerardoduque.com.mx\/index.php?rest_route=%2Fwp%2Fv2%2Fcategories&post=30728"},{"taxonomy":"post_tag","embeddable":true,"href":"https:\/\/gerardoduque.com.mx\/index.php?rest_route=%2Fwp%2Fv2%2Ftags&post=30728"}],"curies":[{"name":"wp","href":"https:\/\/api.w.org\/{rel}","templated":true}]}}