{"id":30721,"date":"2024-10-18T05:53:29","date_gmt":"2024-10-18T11:53:29","guid":{"rendered":"https:\/\/gerardoduque.com.mx\/?p=30721"},"modified":"2024-10-18T05:53:32","modified_gmt":"2024-10-18T11:53:32","slug":"clausuran-tiradero-clandestino-en-villa-de-pozos","status":"publish","type":"post","link":"https:\/\/gerardoduque.com.mx\/?p=30721","title":{"rendered":"CLAUSURAN TIRADERO CLANDESTINO EN VILLA DE POZOS"},"content":{"rendered":"\n<p>En un operativo conjunto entre el Gobierno de Villa de Pozos y la Secretar\u00eda de Ecolog\u00eda y Gesti\u00f3n Ambiental del Gobierno del Estado fue clausurado un tiradero clandestino ubicado en las cercan\u00edas de la comunidad de Santa Rita, en respuesta a una denuncia ciudadana.&nbsp;<\/p>\n\n\n\n<p>Personal de la Direcci\u00f3n de Ecolog\u00eda y el titular de la Segam realizaron una inspecci\u00f3n en un sitio de disposici\u00f3n ilegal de desechos materiales e industriales. Durante el operativo se document\u00f3 material peligroso, llantas, pl\u00e1sticos, cartones, material de construcci\u00f3n y basura industrial en su mayor\u00eda y fue sorprendida una unidad de transporte con residuos s\u00f3lidos que pretend\u00eda vaciar en el lugar.<\/p>\n\n\n\n<p>A partir de la visita conjunta de inspecci\u00f3n y por el material encontrado en el lugar, algunas compa\u00f1\u00edas ser\u00e1n sometidas a investigaci\u00f3n por parte de la autoridad estatal y municipal.<\/p>\n","protected":false},"excerpt":{"rendered":"<p>El sitio era utilizado de manera ilegal para la disposici\u00f3n de desechos materiales e industriales<\/p>\n","protected":false},"author":4,"featured_media":30722,"comment_status":"closed","ping_status":"closed","sticky":false,"template":"","format":"standard","meta":{"_et_pb_use_builder":"off","_et_pb_old_content":"","_et_gb_content_width":"","footnotes":""},"categories":[412,280],"tags":[72,66,155],"class_list":["post-30721","post","type-post","status-publish","format-standard","has-post-thumbnail","hentry","category-destacado","category-gob-slp","tag-gobierno-del-estado","tag-san-luis-potosi","tag-segam"],"_links":{"self":[{"href":"https:\/\/gerardoduque.com.mx\/index.php?rest_route=\/wp\/v2\/posts\/30721","targetHints":{"allow":["GET"]}}],"collection":[{"href":"https:\/\/gerardoduque.com.mx\/index.php?rest_route=\/wp\/v2\/posts"}],"about":[{"href":"https:\/\/gerardoduque.com.mx\/index.php?rest_route=\/wp\/v2\/types\/post"}],"author":[{"embeddable":true,"href":"https:\/\/gerardoduque.com.mx\/index.php?rest_route=\/wp\/v2\/users\/4"}],"replies":[{"embeddable":true,"href":"https:\/\/gerardoduque.com.mx\/index.php?rest_route=%2Fwp%2Fv2%2Fcomments&post=30721"}],"version-history":[{"count":0,"href":"https:\/\/gerardoduque.com.mx\/index.php?rest_route=\/wp\/v2\/posts\/30721\/revisions"}],"wp:featuredmedia":[{"embeddable":true,"href":"https:\/\/gerardoduque.com.mx\/index.php?rest_route=\/wp\/v2\/media\/30722"}],"wp:attachment":[{"href":"https:\/\/gerardoduque.com.mx\/index.php?rest_route=%2Fwp%2Fv2%2Fmedia&parent=30721"}],"wp:term":[{"taxonomy":"category","embeddable":true,"href":"https:\/\/gerardoduque.com.mx\/index.php?rest_route=%2Fwp%2Fv2%2Fcategories&post=30721"},{"taxonomy":"post_tag","embeddable":true,"href":"https:\/\/gerardoduque.com.mx\/index.php?rest_route=%2Fwp%2Fv2%2Ftags&post=30721"}],"curies":[{"name":"wp","href":"https:\/\/api.w.org\/{rel}","templated":true}]}}