{"id":30714,"date":"2024-10-17T06:37:40","date_gmt":"2024-10-17T12:37:40","guid":{"rendered":"https:\/\/gerardoduque.com.mx\/?p=30714"},"modified":"2024-10-17T06:37:44","modified_gmt":"2024-10-17T12:37:44","slug":"revisan-programas-de-apoyo-agropecuario-para-slp","status":"publish","type":"post","link":"https:\/\/gerardoduque.com.mx\/?p=30714","title":{"rendered":"REVISAN PROGRAMAS DE APOYO AGROPECUARIO PARA SLP"},"content":{"rendered":"\n<p>La Secretar\u00eda de Desarrollo Agropecuario y Recursos Hidr\u00e1ulicos y la Secretar\u00eda de Agricultura y Desarrollo Rural a trav\u00e9s de su delegaci\u00f3n estatal, revisaron los programas que brindan apoyo a los productores agropecuarios y a la salud de plantas y ganado, en las cuatro regiones.<\/p>\n\n\n\n<p>El titular la Sedarh junto a directores de \u00e1rea y especialistas se reuni\u00f3 con la representaci\u00f3n en el Estado de la Sader, valoraron los programas de Sanidad Vegetal para control de plagas en cultivos, de Sanidad Animal sobre el manejo de males o enfermedades zoon\u00f3ticas, entre otros.<\/p>\n\n\n\n<p>Con la participaci\u00f3n de personal del Comit\u00e9 Estatal de Fomento y Protecci\u00f3n Pecuaria y del Servicio de Sanidad e Inocuidad Acu\u00edcola y del Servicio Nacional de Sanidad, Inocuidad y Calidad Agroalimentaria de la Sader, tambi\u00e9n revisaron avances en la entrega de apoyos, equipos, documentos, gu\u00edas, certificaciones e inversiones del Estado y la Federaci\u00f3n, como beneficio a los productores y consumidores, acorde a los ejes rectores del Campo Sostenible en ambos niveles de Gobierno.<\/p>\n","protected":false},"excerpt":{"rendered":"<p>Valoraron los programas de Sanidad Vegetal para control de plagas en cultivos, de Sanidad Animal sobre el manejo de males o enfermedades zoon\u00f3ticas, entre otros.<\/p>\n","protected":false},"author":4,"featured_media":30715,"comment_status":"closed","ping_status":"closed","sticky":false,"template":"","format":"standard","meta":{"_et_pb_use_builder":"off","_et_pb_old_content":"","_et_gb_content_width":"","footnotes":""},"categories":[280],"tags":[72,66,234],"class_list":["post-30714","post","type-post","status-publish","format-standard","has-post-thumbnail","hentry","category-gob-slp","tag-gobierno-del-estado","tag-san-luis-potosi","tag-sedarh"],"_links":{"self":[{"href":"https:\/\/gerardoduque.com.mx\/index.php?rest_route=\/wp\/v2\/posts\/30714","targetHints":{"allow":["GET"]}}],"collection":[{"href":"https:\/\/gerardoduque.com.mx\/index.php?rest_route=\/wp\/v2\/posts"}],"about":[{"href":"https:\/\/gerardoduque.com.mx\/index.php?rest_route=\/wp\/v2\/types\/post"}],"author":[{"embeddable":true,"href":"https:\/\/gerardoduque.com.mx\/index.php?rest_route=\/wp\/v2\/users\/4"}],"replies":[{"embeddable":true,"href":"https:\/\/gerardoduque.com.mx\/index.php?rest_route=%2Fwp%2Fv2%2Fcomments&post=30714"}],"version-history":[{"count":0,"href":"https:\/\/gerardoduque.com.mx\/index.php?rest_route=\/wp\/v2\/posts\/30714\/revisions"}],"wp:featuredmedia":[{"embeddable":true,"href":"https:\/\/gerardoduque.com.mx\/index.php?rest_route=\/wp\/v2\/media\/30715"}],"wp:attachment":[{"href":"https:\/\/gerardoduque.com.mx\/index.php?rest_route=%2Fwp%2Fv2%2Fmedia&parent=30714"}],"wp:term":[{"taxonomy":"category","embeddable":true,"href":"https:\/\/gerardoduque.com.mx\/index.php?rest_route=%2Fwp%2Fv2%2Fcategories&post=30714"},{"taxonomy":"post_tag","embeddable":true,"href":"https:\/\/gerardoduque.com.mx\/index.php?rest_route=%2Fwp%2Fv2%2Ftags&post=30714"}],"curies":[{"name":"wp","href":"https:\/\/api.w.org\/{rel}","templated":true}]}}