{"id":30711,"date":"2024-10-17T06:31:52","date_gmt":"2024-10-17T12:31:52","guid":{"rendered":"https:\/\/gerardoduque.com.mx\/?p=30711"},"modified":"2024-10-17T06:31:55","modified_gmt":"2024-10-17T12:31:55","slug":"inician-rehabilitacion-de-escuela-primaria-en-cedral","status":"publish","type":"post","link":"https:\/\/gerardoduque.com.mx\/?p=30711","title":{"rendered":"INICIAN REHABILITACI\u00d3N DE ESCUELA PRIMARIA EN CEDRAL"},"content":{"rendered":"\n<p>El Gobernador de San Luis Potos\u00ed, Ricardo Gallardo Cardona arranc\u00f3 el rescate de la primaria \u201cAmina Madera Lauterio\u201d, en Cedral, con una inversi\u00f3n de alrededor de nueve millones de pesos, con la finalidad de mejorar las instalaciones educativas.<\/p>\n\n\n\n<p>Esta obra que beneficiar\u00e1 a 285 alumnos de forma directa y a las nuevas generaciones de estudiantes, incluyen acciones de pintura, renovaci\u00f3n de instalaciones y mobiliarios, as\u00ed como remozamiento de \u00e1reas al aire libre y andadores, adem\u00e1s de las aulas y m\u00f3dulos, que junto con otros planteles mejorados en este mismo municipio alcanza una inversi\u00f3n en tres a\u00f1os de 35 millones de pesos.<\/p>\n\n\n\n<p>El Gobernador del Estado, reafirm\u00f3 su compromiso con la educaci\u00f3n, al puntualizar que son el futuro del Estado, y que es necesario prepararlos para que en breve se sumen al desarrollo que el Gobierno del Estado, ha logrado en las cuatro regiones, con m\u00e1s inversiones y empresas que brindan mejores empleos mejor pagados, o que inicien sus propios proyectos de emprendimiento con todo el apoyo de la administraci\u00f3n estatal.&nbsp;<\/p>\n","protected":false},"excerpt":{"rendered":"<p>Esta obra incluir\u00e1n acciones de pintura, renovaci\u00f3n de instalaciones y mobiliarios, as\u00ed como remozamiento de \u00e1reas al aire libre y andadores. entre otros.<\/p>\n","protected":false},"author":4,"featured_media":30712,"comment_status":"closed","ping_status":"closed","sticky":false,"template":"","format":"standard","meta":{"_et_pb_use_builder":"off","_et_pb_old_content":"","_et_gb_content_width":"","footnotes":""},"categories":[280],"tags":[72,66],"class_list":["post-30711","post","type-post","status-publish","format-standard","has-post-thumbnail","hentry","category-gob-slp","tag-gobierno-del-estado","tag-san-luis-potosi"],"_links":{"self":[{"href":"https:\/\/gerardoduque.com.mx\/index.php?rest_route=\/wp\/v2\/posts\/30711","targetHints":{"allow":["GET"]}}],"collection":[{"href":"https:\/\/gerardoduque.com.mx\/index.php?rest_route=\/wp\/v2\/posts"}],"about":[{"href":"https:\/\/gerardoduque.com.mx\/index.php?rest_route=\/wp\/v2\/types\/post"}],"author":[{"embeddable":true,"href":"https:\/\/gerardoduque.com.mx\/index.php?rest_route=\/wp\/v2\/users\/4"}],"replies":[{"embeddable":true,"href":"https:\/\/gerardoduque.com.mx\/index.php?rest_route=%2Fwp%2Fv2%2Fcomments&post=30711"}],"version-history":[{"count":0,"href":"https:\/\/gerardoduque.com.mx\/index.php?rest_route=\/wp\/v2\/posts\/30711\/revisions"}],"wp:featuredmedia":[{"embeddable":true,"href":"https:\/\/gerardoduque.com.mx\/index.php?rest_route=\/wp\/v2\/media\/30712"}],"wp:attachment":[{"href":"https:\/\/gerardoduque.com.mx\/index.php?rest_route=%2Fwp%2Fv2%2Fmedia&parent=30711"}],"wp:term":[{"taxonomy":"category","embeddable":true,"href":"https:\/\/gerardoduque.com.mx\/index.php?rest_route=%2Fwp%2Fv2%2Fcategories&post=30711"},{"taxonomy":"post_tag","embeddable":true,"href":"https:\/\/gerardoduque.com.mx\/index.php?rest_route=%2Fwp%2Fv2%2Ftags&post=30711"}],"curies":[{"name":"wp","href":"https:\/\/api.w.org\/{rel}","templated":true}]}}