{"id":30708,"date":"2024-10-17T06:19:46","date_gmt":"2024-10-17T12:19:46","guid":{"rendered":"https:\/\/gerardoduque.com.mx\/?p=30708"},"modified":"2024-10-17T06:19:49","modified_gmt":"2024-10-17T12:19:49","slug":"entregan-nueva-plaza-de-acceso-a-real-de-catorce","status":"publish","type":"post","link":"https:\/\/gerardoduque.com.mx\/?p=30708","title":{"rendered":"ENTREGAN NUEVA PLAZA DE ACCESO A REAL DE CATORCE"},"content":{"rendered":"\n<p>Cerca de mil 400 habitantes y 500 mil visitantes del Pueblo M\u00e1gico de Real de Catorce gozar\u00e1n de una nueva fortaleza tur\u00edstica y de desarrollo social, con la rehabilitaci\u00f3n y modernizaci\u00f3n de la plaza El Ogarrio, con una inversi\u00f3n de m\u00e1s de 20 millones de pesos, y que ofrece infraestructura comercial y servicios de calidad.<\/p>\n\n\n\n<p>La rehabilitaci\u00f3n de la plaza impulsar\u00e1 el turismo y la econom\u00eda local, luego de muchos a\u00f1os de olvido, y que ahora, al ser m\u00e1s atractiva, brindar\u00e1 m\u00e1s seguridad, orden y belleza al acceso del Pueblo M\u00e1gico, con instalaciones adecuadas para el comercio local y la prestaci\u00f3n de servicios para las actividades tur\u00edsticas.<\/p>\n\n\n\n<p>La obra que inaugur\u00f3 el Gobernador Ricardo Gallardo, ejecutada en solo seis meses, consisti\u00f3 en la instalaci\u00f3n de piedra de la regi\u00f3n en m\u00e1s de nueve mil 200 metros cuadrados de la explanada, mobiliario urbano, 64 espacios para comercios, 577 metros cuadrados de techumbre, iluminaci\u00f3n esc\u00e9nica y reforestaci\u00f3n con encinos, consolidando la actividad tur\u00edstica en Real de Catorce e impulsando el desarrollo de la localidad, la plusval\u00eda de las propiedades y el crecimiento de la regi\u00f3n.<\/p>\n","protected":false},"excerpt":{"rendered":"<p>Se inaugur\u00f3 la modernizaci\u00f3n de la plaza El Ogarrio, en la entrada al Pueblo M\u00e1gico.<\/p>\n","protected":false},"author":4,"featured_media":30709,"comment_status":"closed","ping_status":"closed","sticky":false,"template":"","format":"standard","meta":{"_et_pb_use_builder":"off","_et_pb_old_content":"","_et_gb_content_width":"","footnotes":""},"categories":[280],"tags":[72,66],"class_list":["post-30708","post","type-post","status-publish","format-standard","has-post-thumbnail","hentry","category-gob-slp","tag-gobierno-del-estado","tag-san-luis-potosi"],"_links":{"self":[{"href":"https:\/\/gerardoduque.com.mx\/index.php?rest_route=\/wp\/v2\/posts\/30708","targetHints":{"allow":["GET"]}}],"collection":[{"href":"https:\/\/gerardoduque.com.mx\/index.php?rest_route=\/wp\/v2\/posts"}],"about":[{"href":"https:\/\/gerardoduque.com.mx\/index.php?rest_route=\/wp\/v2\/types\/post"}],"author":[{"embeddable":true,"href":"https:\/\/gerardoduque.com.mx\/index.php?rest_route=\/wp\/v2\/users\/4"}],"replies":[{"embeddable":true,"href":"https:\/\/gerardoduque.com.mx\/index.php?rest_route=%2Fwp%2Fv2%2Fcomments&post=30708"}],"version-history":[{"count":0,"href":"https:\/\/gerardoduque.com.mx\/index.php?rest_route=\/wp\/v2\/posts\/30708\/revisions"}],"wp:featuredmedia":[{"embeddable":true,"href":"https:\/\/gerardoduque.com.mx\/index.php?rest_route=\/wp\/v2\/media\/30709"}],"wp:attachment":[{"href":"https:\/\/gerardoduque.com.mx\/index.php?rest_route=%2Fwp%2Fv2%2Fmedia&parent=30708"}],"wp:term":[{"taxonomy":"category","embeddable":true,"href":"https:\/\/gerardoduque.com.mx\/index.php?rest_route=%2Fwp%2Fv2%2Fcategories&post=30708"},{"taxonomy":"post_tag","embeddable":true,"href":"https:\/\/gerardoduque.com.mx\/index.php?rest_route=%2Fwp%2Fv2%2Ftags&post=30708"}],"curies":[{"name":"wp","href":"https:\/\/api.w.org\/{rel}","templated":true}]}}