{"id":30695,"date":"2024-10-16T13:23:23","date_gmt":"2024-10-16T19:23:23","guid":{"rendered":"https:\/\/gerardoduque.com.mx\/?p=30695"},"modified":"2024-10-16T13:23:27","modified_gmt":"2024-10-16T19:23:27","slug":"concluye-capacitacion-en-derechos-humanos-para-servidores-publicos","status":"publish","type":"post","link":"https:\/\/gerardoduque.com.mx\/?p=30695","title":{"rendered":"CONCLUYE CAPACITACI\u00d3N EN DERECHOS HUMANOS PARA SERVIDORES P\u00daBLICOS"},"content":{"rendered":"\n<p>De enero a septiembre de 2024, el Instituto de las Mujeres y la Universidad Aut\u00f3noma Metropolitana unidad Xochimilco, realizaron la capacitaci\u00f3n virtual en sensibilizaci\u00f3n, formaci\u00f3n y profesionalizaci\u00f3n en Derechos Humanos de las Mujeres, a mil 447 personas servidoras p\u00fablicas del Poder Ejecutivo Estatal.<\/p>\n\n\n\n<p>La capacitaci\u00f3n da cumplimiento a la tercera medida de prevenci\u00f3n de la declaratoria de Alerta de Violencia de G\u00e9nero contra las Mujeres, que busca fortalecer las capacidades institucionales a trav\u00e9s de procesos formativos que permitan desarrollar competencias, habilidades t\u00e9cnicas y reflexivas en la tutela y garant\u00eda de los Derechos Humanos de las Potosinas.<\/p>\n\n\n\n<p>El programa de capacitaci\u00f3n const\u00f3 de siete m\u00f3dulos, impartidos a trav\u00e9s de la plataforma de Zoom por personas investigadoras de la Universidad Aut\u00f3noma Metropolitana, Unidad Xochimilco.<\/p>\n","protected":false},"excerpt":{"rendered":"<p>Con la participaci\u00f3n de mil 447 personas servidoras p\u00fablicas, el Imes y la UAM Xochimilco, impartieron un programa de formaci\u00f3n<\/p>\n","protected":false},"author":4,"featured_media":30696,"comment_status":"closed","ping_status":"closed","sticky":false,"template":"","format":"standard","meta":{"_et_pb_use_builder":"off","_et_pb_old_content":"","_et_gb_content_width":"","footnotes":""},"categories":[280],"tags":[72,70,66],"class_list":["post-30695","post","type-post","status-publish","format-standard","has-post-thumbnail","hentry","category-gob-slp","tag-gobierno-del-estado","tag-imes","tag-san-luis-potosi"],"_links":{"self":[{"href":"https:\/\/gerardoduque.com.mx\/index.php?rest_route=\/wp\/v2\/posts\/30695","targetHints":{"allow":["GET"]}}],"collection":[{"href":"https:\/\/gerardoduque.com.mx\/index.php?rest_route=\/wp\/v2\/posts"}],"about":[{"href":"https:\/\/gerardoduque.com.mx\/index.php?rest_route=\/wp\/v2\/types\/post"}],"author":[{"embeddable":true,"href":"https:\/\/gerardoduque.com.mx\/index.php?rest_route=\/wp\/v2\/users\/4"}],"replies":[{"embeddable":true,"href":"https:\/\/gerardoduque.com.mx\/index.php?rest_route=%2Fwp%2Fv2%2Fcomments&post=30695"}],"version-history":[{"count":0,"href":"https:\/\/gerardoduque.com.mx\/index.php?rest_route=\/wp\/v2\/posts\/30695\/revisions"}],"wp:featuredmedia":[{"embeddable":true,"href":"https:\/\/gerardoduque.com.mx\/index.php?rest_route=\/wp\/v2\/media\/30696"}],"wp:attachment":[{"href":"https:\/\/gerardoduque.com.mx\/index.php?rest_route=%2Fwp%2Fv2%2Fmedia&parent=30695"}],"wp:term":[{"taxonomy":"category","embeddable":true,"href":"https:\/\/gerardoduque.com.mx\/index.php?rest_route=%2Fwp%2Fv2%2Fcategories&post=30695"},{"taxonomy":"post_tag","embeddable":true,"href":"https:\/\/gerardoduque.com.mx\/index.php?rest_route=%2Fwp%2Fv2%2Ftags&post=30695"}],"curies":[{"name":"wp","href":"https:\/\/api.w.org\/{rel}","templated":true}]}}