{"id":30672,"date":"2024-10-15T12:54:07","date_gmt":"2024-10-15T18:54:07","guid":{"rendered":"https:\/\/gerardoduque.com.mx\/?p=30672"},"modified":"2024-10-15T12:54:10","modified_gmt":"2024-10-15T18:54:10","slug":"servidores-publicos-del-estado-egresan-de-maestria-en-desarrollo-humano","status":"publish","type":"post","link":"https:\/\/gerardoduque.com.mx\/?p=30672","title":{"rendered":"SERVIDORES P\u00daBLICOS DEL ESTADO EGRESAN DE MAESTR\u00cdA EN DESARROLLO HUMANO"},"content":{"rendered":"\n<p>15 servidores p\u00fablicos estatales concluyeron satisfactoriamente la Maestr\u00eda en \u201cDesarrollo Humano\u201d en la Universidad Marista, por lo que recibieron un reconocimiento y constancia de estudios durante un evento protocolario en el teatro Carlos Amador, del parque Tangamanga I.<\/p>\n\n\n\n<p>La subdirectora de Desarrollo Humano, destac\u00f3 que los conocimientos y actitudes que han desarrollado en este grado acad\u00e9mico permitir\u00e1n evaluar las pol\u00edticas implementadas dentro del Gobierno Estatal, y aportar a la sociedad un mejor impulso hacia una administraci\u00f3n profesional, formada y abierta.<\/p>\n\n\n\n<p>En tres a\u00f1os de la administraci\u00f3n estatal, la Oficial\u00eda Mayor promueve la profesionalizaci\u00f3n de las y los trabajadores, con un Programa de Vinculaci\u00f3n donde ofrece un abanico de oportunidades que van desde la conclusi\u00f3n del bachillerato, carrera profesional, o como en este caso la maestr\u00eda y el doctorado.<\/p>\n","protected":false},"excerpt":{"rendered":"<p>15 servidores p\u00fablicos estatales concluyeron satisfactoriamente la Maestr\u00eda en \u201cDesarrollo Humano\u201d en la Universidad Marista.<\/p>\n","protected":false},"author":4,"featured_media":30675,"comment_status":"closed","ping_status":"closed","sticky":false,"template":"","format":"standard","meta":{"_et_pb_use_builder":"off","_et_pb_old_content":"","_et_gb_content_width":"","footnotes":""},"categories":[280],"tags":[72,289,66],"class_list":["post-30672","post","type-post","status-publish","format-standard","has-post-thumbnail","hentry","category-gob-slp","tag-gobierno-del-estado","tag-oficialia-mayor","tag-san-luis-potosi"],"_links":{"self":[{"href":"https:\/\/gerardoduque.com.mx\/index.php?rest_route=\/wp\/v2\/posts\/30672","targetHints":{"allow":["GET"]}}],"collection":[{"href":"https:\/\/gerardoduque.com.mx\/index.php?rest_route=\/wp\/v2\/posts"}],"about":[{"href":"https:\/\/gerardoduque.com.mx\/index.php?rest_route=\/wp\/v2\/types\/post"}],"author":[{"embeddable":true,"href":"https:\/\/gerardoduque.com.mx\/index.php?rest_route=\/wp\/v2\/users\/4"}],"replies":[{"embeddable":true,"href":"https:\/\/gerardoduque.com.mx\/index.php?rest_route=%2Fwp%2Fv2%2Fcomments&post=30672"}],"version-history":[{"count":0,"href":"https:\/\/gerardoduque.com.mx\/index.php?rest_route=\/wp\/v2\/posts\/30672\/revisions"}],"wp:featuredmedia":[{"embeddable":true,"href":"https:\/\/gerardoduque.com.mx\/index.php?rest_route=\/wp\/v2\/media\/30675"}],"wp:attachment":[{"href":"https:\/\/gerardoduque.com.mx\/index.php?rest_route=%2Fwp%2Fv2%2Fmedia&parent=30672"}],"wp:term":[{"taxonomy":"category","embeddable":true,"href":"https:\/\/gerardoduque.com.mx\/index.php?rest_route=%2Fwp%2Fv2%2Fcategories&post=30672"},{"taxonomy":"post_tag","embeddable":true,"href":"https:\/\/gerardoduque.com.mx\/index.php?rest_route=%2Fwp%2Fv2%2Ftags&post=30672"}],"curies":[{"name":"wp","href":"https:\/\/api.w.org\/{rel}","templated":true}]}}