{"id":30663,"date":"2024-10-15T07:58:08","date_gmt":"2024-10-15T13:58:08","guid":{"rendered":"https:\/\/gerardoduque.com.mx\/?p=30663"},"modified":"2024-10-15T07:58:11","modified_gmt":"2024-10-15T13:58:11","slug":"realizan-jornada-de-reclutamiento-para-mujeres","status":"publish","type":"post","link":"https:\/\/gerardoduque.com.mx\/?p=30663","title":{"rendered":"REALIZAN JORNADA DE RECLUTAMIENTO PARA MUJERES"},"content":{"rendered":"\n<p>El Instituto de las Mujeres del Estado fue sede de la novena \u201cJornada de Reclutamiento\u201d, este martes 15 de octubre de 09:00 a 13:00 horas, donde se ofrecer\u00e1 igualdad laboral, fuentes de trabajo con perspectiva de g\u00e9nero y el fomento del empoderamiento econ\u00f3mico de las potosinas.<\/p>\n\n\n\n<p>El evento tendr\u00e1 lugar en el patio central del Instituto de las Mujeres, ubicado en Jard\u00edn Col\u00f3n n\u00famero 23, en el Barrio de San Miguelito, zona centro, de las 9:00 a las 13:00 horas, las personas que est\u00e9n buscando una oportunidad de empleo se les brindar\u00e1n los detalles y condiciones de las vacantes disponibles. Cualquier duda las y los interesados pueden comunicarse al n\u00famero 444 144 29 20 extensi\u00f3n 272 en el \u00e1rea de Empoderamiento Econ\u00f3mico de 8:00 a 15:00 horas.<\/p>\n\n\n\n<p>Las personas interesadas pueden conocer detalles de las 87 vacantes disponibles de manera presencial en el evento y a trav\u00e9s del enlace https:\/\/slp.gob.mx\/imes\/Paginas\/Empoderamiento%20Econ%c3%b3mico\/Vacantes\/Feria.aspx<\/p>\n","protected":false},"excerpt":{"rendered":"<p>Ofrecer\u00e1n igualdad laboral, fuentes de trabajo con perspectiva de g\u00e9nero y el fomento del empoderamiento econ\u00f3mico de las potosinas.<\/p>\n","protected":false},"author":4,"featured_media":30664,"comment_status":"closed","ping_status":"closed","sticky":false,"template":"","format":"standard","meta":{"_et_pb_use_builder":"off","_et_pb_old_content":"","_et_gb_content_width":"","footnotes":""},"categories":[280],"tags":[72,70,66],"class_list":["post-30663","post","type-post","status-publish","format-standard","has-post-thumbnail","hentry","category-gob-slp","tag-gobierno-del-estado","tag-imes","tag-san-luis-potosi"],"_links":{"self":[{"href":"https:\/\/gerardoduque.com.mx\/index.php?rest_route=\/wp\/v2\/posts\/30663","targetHints":{"allow":["GET"]}}],"collection":[{"href":"https:\/\/gerardoduque.com.mx\/index.php?rest_route=\/wp\/v2\/posts"}],"about":[{"href":"https:\/\/gerardoduque.com.mx\/index.php?rest_route=\/wp\/v2\/types\/post"}],"author":[{"embeddable":true,"href":"https:\/\/gerardoduque.com.mx\/index.php?rest_route=\/wp\/v2\/users\/4"}],"replies":[{"embeddable":true,"href":"https:\/\/gerardoduque.com.mx\/index.php?rest_route=%2Fwp%2Fv2%2Fcomments&post=30663"}],"version-history":[{"count":0,"href":"https:\/\/gerardoduque.com.mx\/index.php?rest_route=\/wp\/v2\/posts\/30663\/revisions"}],"wp:featuredmedia":[{"embeddable":true,"href":"https:\/\/gerardoduque.com.mx\/index.php?rest_route=\/wp\/v2\/media\/30664"}],"wp:attachment":[{"href":"https:\/\/gerardoduque.com.mx\/index.php?rest_route=%2Fwp%2Fv2%2Fmedia&parent=30663"}],"wp:term":[{"taxonomy":"category","embeddable":true,"href":"https:\/\/gerardoduque.com.mx\/index.php?rest_route=%2Fwp%2Fv2%2Fcategories&post=30663"},{"taxonomy":"post_tag","embeddable":true,"href":"https:\/\/gerardoduque.com.mx\/index.php?rest_route=%2Fwp%2Fv2%2Ftags&post=30663"}],"curies":[{"name":"wp","href":"https:\/\/api.w.org\/{rel}","templated":true}]}}