{"id":30660,"date":"2024-10-15T07:50:18","date_gmt":"2024-10-15T13:50:18","guid":{"rendered":"https:\/\/gerardoduque.com.mx\/?p=30660"},"modified":"2024-10-15T07:50:21","modified_gmt":"2024-10-15T13:50:21","slug":"proyectan-capacitacion-para-operadores-de-doble-articulado","status":"publish","type":"post","link":"https:\/\/gerardoduque.com.mx\/?p=30660","title":{"rendered":"PROYECTAN CAPACITACI\u00d3N PARA OPERADORES DE DOBLE ARTICULADO"},"content":{"rendered":"\n<p>El Instituto de Capacitaci\u00f3n para el Trabajo y las empresas de Autotransporte Especializado Alfa y Cementos Moctezuma, proyectan la capacitaci\u00f3n para operadores de tractocami\u00f3n doble articulado, que permitir\u00e1 que m\u00e1s personas accedan a mejores empleos.<\/p>\n\n\n\n<p>La titular del Icat sostuvo un encuentro con representantes de ambas empresas, donde dio a conocer que esta sinergia permitir\u00e1 brindar capacitaci\u00f3n profesional en transportes que son importantes para el sector industrial. Esto a fin de abrir m\u00e1s oportunidades laborales a los potosinos y dotar a las empresas instaladas en la entidad de personal calificado y bien preparado.<\/p>\n\n\n\n<p>En el curso aprender\u00e1n sobre normativas y regulaciones de tr\u00e1nsito; el manejo de remolques de 20 toneladas; protocolos de seguridad y el manejo de las dimensiones de la carga seg\u00fan el tama\u00f1o de la caja.<\/p>\n","protected":false},"excerpt":{"rendered":"<p>En el curso aprender\u00e1n sobre normativas y regulaciones de tr\u00e1nsito; el manejo de remolques de 20 toneladas, y m\u00e1s.<\/p>\n","protected":false},"author":4,"featured_media":30661,"comment_status":"closed","ping_status":"closed","sticky":false,"template":"","format":"standard","meta":{"_et_pb_use_builder":"off","_et_pb_old_content":"","_et_gb_content_width":"","footnotes":""},"categories":[280],"tags":[72,281,66],"class_list":["post-30660","post","type-post","status-publish","format-standard","has-post-thumbnail","hentry","category-gob-slp","tag-gobierno-del-estado","tag-icat","tag-san-luis-potosi"],"_links":{"self":[{"href":"https:\/\/gerardoduque.com.mx\/index.php?rest_route=\/wp\/v2\/posts\/30660","targetHints":{"allow":["GET"]}}],"collection":[{"href":"https:\/\/gerardoduque.com.mx\/index.php?rest_route=\/wp\/v2\/posts"}],"about":[{"href":"https:\/\/gerardoduque.com.mx\/index.php?rest_route=\/wp\/v2\/types\/post"}],"author":[{"embeddable":true,"href":"https:\/\/gerardoduque.com.mx\/index.php?rest_route=\/wp\/v2\/users\/4"}],"replies":[{"embeddable":true,"href":"https:\/\/gerardoduque.com.mx\/index.php?rest_route=%2Fwp%2Fv2%2Fcomments&post=30660"}],"version-history":[{"count":0,"href":"https:\/\/gerardoduque.com.mx\/index.php?rest_route=\/wp\/v2\/posts\/30660\/revisions"}],"wp:featuredmedia":[{"embeddable":true,"href":"https:\/\/gerardoduque.com.mx\/index.php?rest_route=\/wp\/v2\/media\/30661"}],"wp:attachment":[{"href":"https:\/\/gerardoduque.com.mx\/index.php?rest_route=%2Fwp%2Fv2%2Fmedia&parent=30660"}],"wp:term":[{"taxonomy":"category","embeddable":true,"href":"https:\/\/gerardoduque.com.mx\/index.php?rest_route=%2Fwp%2Fv2%2Fcategories&post=30660"},{"taxonomy":"post_tag","embeddable":true,"href":"https:\/\/gerardoduque.com.mx\/index.php?rest_route=%2Fwp%2Fv2%2Ftags&post=30660"}],"curies":[{"name":"wp","href":"https:\/\/api.w.org\/{rel}","templated":true}]}}