{"id":30656,"date":"2024-10-15T07:39:25","date_gmt":"2024-10-15T13:39:25","guid":{"rendered":"https:\/\/gerardoduque.com.mx\/?p=30656"},"modified":"2024-10-15T07:39:28","modified_gmt":"2024-10-15T13:39:28","slug":"capacitan-a-municipios-en-materia-de-proteccion-civil","status":"publish","type":"post","link":"https:\/\/gerardoduque.com.mx\/?p=30656","title":{"rendered":"CAPACITAN A MUNICIPIOS EN MATERIA DE PROTECCI\u00d3N CIVIL"},"content":{"rendered":"\n<p>La Coordinaci\u00f3n Estatal de Protecci\u00f3n Civil y la Secretar\u00eda General de Gobierno iniciaron el \u201cCurso de inducci\u00f3n para directores municipales de Protecci\u00f3n Civil\u201d, para que cuenten con los conocimientos y herramientas necesarias, que les permitan brindar apoyo ante alguna situaci\u00f3n de riesgo y salvaguardar la integridad de las familias potosinas.<\/p>\n\n\n\n<p>Se arranc\u00f3 los trabajos de la jornada de capacitaci\u00f3n, donde los participantes conocer\u00e1n acerca de la legislaci\u00f3n actual, inspecciones, atenci\u00f3n de emergencias, informar a la poblaci\u00f3n sobre protecci\u00f3n civil y las capacitaciones que deben de cumplir.<\/p>\n\n\n\n<p>Se exhort\u00f3 a tener listos en los primeros 30 d\u00edas de las administraciones sus consejos municipales de Protecci\u00f3n Civil con el fin de estar preparados ante alguna situaci\u00f3n de riesgo.<\/p>\n\n\n\n<p>Con la presencia de autoridades federales, estatales y representantes de protecci\u00f3n civil de los 59 municipios, el director de la CEPC pidi\u00f3 a los funcionarios tener actualizados sus Atlas de Riesgo, para que sepan c\u00f3mo prevenir y actuar en caso de alguna emergencia.<\/p>\n","protected":false},"excerpt":{"rendered":"<p>La CEPC llam\u00f3 a los 59 municipios a tener actualizados sus Atlas de Riesgo<\/p>\n","protected":false},"author":4,"featured_media":30657,"comment_status":"closed","ping_status":"closed","sticky":false,"template":"","format":"standard","meta":{"_et_pb_use_builder":"off","_et_pb_old_content":"","_et_gb_content_width":"","footnotes":""},"categories":[280],"tags":[190,72,66],"class_list":["post-30656","post","type-post","status-publish","format-standard","has-post-thumbnail","hentry","category-gob-slp","tag-cepc","tag-gobierno-del-estado","tag-san-luis-potosi"],"_links":{"self":[{"href":"https:\/\/gerardoduque.com.mx\/index.php?rest_route=\/wp\/v2\/posts\/30656","targetHints":{"allow":["GET"]}}],"collection":[{"href":"https:\/\/gerardoduque.com.mx\/index.php?rest_route=\/wp\/v2\/posts"}],"about":[{"href":"https:\/\/gerardoduque.com.mx\/index.php?rest_route=\/wp\/v2\/types\/post"}],"author":[{"embeddable":true,"href":"https:\/\/gerardoduque.com.mx\/index.php?rest_route=\/wp\/v2\/users\/4"}],"replies":[{"embeddable":true,"href":"https:\/\/gerardoduque.com.mx\/index.php?rest_route=%2Fwp%2Fv2%2Fcomments&post=30656"}],"version-history":[{"count":0,"href":"https:\/\/gerardoduque.com.mx\/index.php?rest_route=\/wp\/v2\/posts\/30656\/revisions"}],"wp:featuredmedia":[{"embeddable":true,"href":"https:\/\/gerardoduque.com.mx\/index.php?rest_route=\/wp\/v2\/media\/30657"}],"wp:attachment":[{"href":"https:\/\/gerardoduque.com.mx\/index.php?rest_route=%2Fwp%2Fv2%2Fmedia&parent=30656"}],"wp:term":[{"taxonomy":"category","embeddable":true,"href":"https:\/\/gerardoduque.com.mx\/index.php?rest_route=%2Fwp%2Fv2%2Fcategories&post=30656"},{"taxonomy":"post_tag","embeddable":true,"href":"https:\/\/gerardoduque.com.mx\/index.php?rest_route=%2Fwp%2Fv2%2Ftags&post=30656"}],"curies":[{"name":"wp","href":"https:\/\/api.w.org\/{rel}","templated":true}]}}