{"id":30633,"date":"2024-10-14T07:20:06","date_gmt":"2024-10-14T13:20:06","guid":{"rendered":"https:\/\/gerardoduque.com.mx\/?p=30633"},"modified":"2024-10-14T07:20:10","modified_gmt":"2024-10-14T13:20:10","slug":"promueven-la-medicina-tradicional-entre-jovenes-pueblos-originarios","status":"publish","type":"post","link":"https:\/\/gerardoduque.com.mx\/?p=30633","title":{"rendered":"PROMUEVEN LA MEDICINA TRADICIONAL ENTRE J\u00d3VENES PUEBLOS ORIGINARIOS"},"content":{"rendered":"\n<p>El Instituto de Desarrollo Humano y Social de los Pueblos y Comunidades Ind\u00edgenas y la Secretar\u00eda de Cultura promueven el rescate y preservaci\u00f3n de la medicina tradicional como patrimonio cultural inmaterial, por lo que impulsaron talleres y conversatorios dirigidos a madres y padres de familia de escuelas de Axtla de Terrazas, Coxcatl\u00e1n y Matlapa.<\/p>\n\n\n\n<p>Con la finalidad de preservar las costumbres y tradiciones de los pueblos originarios y como parte del programa \u201cApoyo a Instituciones Estatales de Cultura 2024 Medicina tradicional herbolaria con ni\u00f1os, ni\u00f1as y adolescentes\u201d, los participantes participaron en la elaboraci\u00f3n de un libro cartonero escrito en la lengua materna n\u00e1huatl, que incluya saberes, recetas y remedios.<\/p>\n\n\n\n<p>El Indepi particip\u00f3 en la selecci\u00f3n de quienes practican medicina tradicional para compartir sus saberes mediante talleres y conversatorios; as\u00ed como en la realizaci\u00f3n de estos y ahora d seguimiento al proceso de recopilaci\u00f3n del material para obtener el producto final que ser\u00e1 el libro, para posteriormente generar acciones de difusi\u00f3n y que sea conocido en el Estado.<\/p>\n","protected":false},"excerpt":{"rendered":"<p>Ni\u00f1os y adolescentes hablantes de la lengua materna n\u00e1huatl participaron en la elaboraci\u00f3n de un libro.<\/p>\n","protected":false},"author":4,"featured_media":30634,"comment_status":"closed","ping_status":"closed","sticky":false,"template":"","format":"standard","meta":{"_et_pb_use_builder":"off","_et_pb_old_content":"","_et_gb_content_width":"","footnotes":""},"categories":[280],"tags":[72,395,66,200],"class_list":["post-30633","post","type-post","status-publish","format-standard","has-post-thumbnail","hentry","category-gob-slp","tag-gobierno-del-estado","tag-indepi","tag-san-luis-potosi","tag-secult"],"_links":{"self":[{"href":"https:\/\/gerardoduque.com.mx\/index.php?rest_route=\/wp\/v2\/posts\/30633","targetHints":{"allow":["GET"]}}],"collection":[{"href":"https:\/\/gerardoduque.com.mx\/index.php?rest_route=\/wp\/v2\/posts"}],"about":[{"href":"https:\/\/gerardoduque.com.mx\/index.php?rest_route=\/wp\/v2\/types\/post"}],"author":[{"embeddable":true,"href":"https:\/\/gerardoduque.com.mx\/index.php?rest_route=\/wp\/v2\/users\/4"}],"replies":[{"embeddable":true,"href":"https:\/\/gerardoduque.com.mx\/index.php?rest_route=%2Fwp%2Fv2%2Fcomments&post=30633"}],"version-history":[{"count":0,"href":"https:\/\/gerardoduque.com.mx\/index.php?rest_route=\/wp\/v2\/posts\/30633\/revisions"}],"wp:featuredmedia":[{"embeddable":true,"href":"https:\/\/gerardoduque.com.mx\/index.php?rest_route=\/wp\/v2\/media\/30634"}],"wp:attachment":[{"href":"https:\/\/gerardoduque.com.mx\/index.php?rest_route=%2Fwp%2Fv2%2Fmedia&parent=30633"}],"wp:term":[{"taxonomy":"category","embeddable":true,"href":"https:\/\/gerardoduque.com.mx\/index.php?rest_route=%2Fwp%2Fv2%2Fcategories&post=30633"},{"taxonomy":"post_tag","embeddable":true,"href":"https:\/\/gerardoduque.com.mx\/index.php?rest_route=%2Fwp%2Fv2%2Ftags&post=30633"}],"curies":[{"name":"wp","href":"https:\/\/api.w.org\/{rel}","templated":true}]}}