{"id":30630,"date":"2024-10-14T07:16:48","date_gmt":"2024-10-14T13:16:48","guid":{"rendered":"https:\/\/gerardoduque.com.mx\/?p=30630"},"modified":"2024-10-14T07:16:51","modified_gmt":"2024-10-14T13:16:51","slug":"construiran-preparatoria-en-la-comunidad-de-san-francisco-en-villa-de-arriaga","status":"publish","type":"post","link":"https:\/\/gerardoduque.com.mx\/?p=30630","title":{"rendered":"CONSTRUIR\u00c1N PREPARATORIA EN LA COMUNIDAD DE SAN FRANCISCO EN VILLA DE ARRIAGA"},"content":{"rendered":"\n<p>El Gobernador Ricardo Gallardo Cardona inform\u00f3 que construir\u00e1n una escuela preparatoria en la comunidad de San Francisco, perteneciente a Villa de Arriaga. Estudiantes de las comunidades cercanas en la regi\u00f3n Centro ya no tendr\u00e1n que migrar a otros municipios o estados para estudiar, lo que les brindar\u00e1 m\u00e1s oportunidades laborales, ahora con la llegada de nuevas inversiones.<\/p>\n\n\n\n<p>Dijo que, en todo el Estado desde el inicio de su Gobierno se han construido y reconstruido m\u00e1s de 400 planteles de diferentes niveles educativos; adem\u00e1s cada inicio del ciclo escolar se entrega el programa Potos\u00ed Para la Educaci\u00f3n, que dota de \u00fatiles, mochilas, zapatos escolares y cuadernos de trabajo, y adicionalmente el programa Clave Verde que les brinda internet gratuito para realizar sus tareas.<\/p>\n\n\n\n<p>Otros proyectos de infraestructura educativa anunciados para la regi\u00f3n Centro son la construcci\u00f3n de una escuela secundaria en Valle de la Palma perteneciente a Soledad de Graciano S\u00e1nchez y en el municipio de Pozos tambi\u00e9n hay planes para renovar los planteles escolares.<\/p>\n","protected":false},"excerpt":{"rendered":"<p>Estudiantes de las comunidades cercanas en la regi\u00f3n Centro ya no tendr\u00e1n que migrar a otros municipios o estados para estudiar<\/p>\n","protected":false},"author":4,"featured_media":13060,"comment_status":"closed","ping_status":"closed","sticky":false,"template":"","format":"standard","meta":{"_et_pb_use_builder":"off","_et_pb_old_content":"","_et_gb_content_width":"","footnotes":""},"categories":[280],"tags":[72,66],"class_list":["post-30630","post","type-post","status-publish","format-standard","has-post-thumbnail","hentry","category-gob-slp","tag-gobierno-del-estado","tag-san-luis-potosi"],"_links":{"self":[{"href":"https:\/\/gerardoduque.com.mx\/index.php?rest_route=\/wp\/v2\/posts\/30630","targetHints":{"allow":["GET"]}}],"collection":[{"href":"https:\/\/gerardoduque.com.mx\/index.php?rest_route=\/wp\/v2\/posts"}],"about":[{"href":"https:\/\/gerardoduque.com.mx\/index.php?rest_route=\/wp\/v2\/types\/post"}],"author":[{"embeddable":true,"href":"https:\/\/gerardoduque.com.mx\/index.php?rest_route=\/wp\/v2\/users\/4"}],"replies":[{"embeddable":true,"href":"https:\/\/gerardoduque.com.mx\/index.php?rest_route=%2Fwp%2Fv2%2Fcomments&post=30630"}],"version-history":[{"count":0,"href":"https:\/\/gerardoduque.com.mx\/index.php?rest_route=\/wp\/v2\/posts\/30630\/revisions"}],"wp:featuredmedia":[{"embeddable":true,"href":"https:\/\/gerardoduque.com.mx\/index.php?rest_route=\/wp\/v2\/media\/13060"}],"wp:attachment":[{"href":"https:\/\/gerardoduque.com.mx\/index.php?rest_route=%2Fwp%2Fv2%2Fmedia&parent=30630"}],"wp:term":[{"taxonomy":"category","embeddable":true,"href":"https:\/\/gerardoduque.com.mx\/index.php?rest_route=%2Fwp%2Fv2%2Fcategories&post=30630"},{"taxonomy":"post_tag","embeddable":true,"href":"https:\/\/gerardoduque.com.mx\/index.php?rest_route=%2Fwp%2Fv2%2Ftags&post=30630"}],"curies":[{"name":"wp","href":"https:\/\/api.w.org\/{rel}","templated":true}]}}