{"id":30627,"date":"2024-10-14T07:10:33","date_gmt":"2024-10-14T13:10:33","guid":{"rendered":"https:\/\/gerardoduque.com.mx\/?p=30627"},"modified":"2024-10-14T07:10:36","modified_gmt":"2024-10-14T13:10:36","slug":"con-charlas-conmemoran-el-dia-mundial-de-la-salud-mental","status":"publish","type":"post","link":"https:\/\/gerardoduque.com.mx\/?p=30627","title":{"rendered":"CON CHARLAS, CONMEMORAN EL D\u00cdA MUNDIAL DE LA SALUD MENTAL"},"content":{"rendered":"\n<p>El Sistema Estatal para el Desarrollo Integral de la Familia ofreci\u00f3 a la poblaci\u00f3n diversos servicios informativos desde la Coordinaci\u00f3n de Bienestar Familiar, con el fin de fortalecer la salud mental y emocional.<\/p>\n\n\n\n<p>En el marco del \u201cD\u00eda Mundial de la Salud Mental\u201d, el DIF Estatal puso en marcha una jornada de charlas sobre los temas: \u201cEs tiempo de priorizar la salud mental en el lugar de trabajo\u201d, y el \u201cManejo de Emociones y Estr\u00e9s\u201d; actividades dirigidas a operadores del servicio de transporte p\u00fablico, y que a trav\u00e9s de nueve sesiones de trabajo estar\u00e1n beneficiando a este sector.<\/p>\n\n\n\n<p>Este tipo de pl\u00e1ticas son ejecutadas por distintos sectores de la poblaci\u00f3n, en espacios donde los participantes reconocen las emociones y sentimientos comprendiendo el contexto en el que suceden, de manera esto les permita identificar oportunamente las fuentes de tensi\u00f3n y estr\u00e9s en la vida cotidiana, a fin de encontrar estrategias para eliminarlas y\/o contrarrestarlas de manera saludable.<\/p>\n\n\n\n<p>Tambi\u00e9n llevan a cabo acciones de prevenci\u00f3n relacionadas con la salud mental, como talleres enfocados en temas de: prevenci\u00f3n del suicidio, manejo del duelo, herramientas para la sana convivencia, prevenci\u00f3n del cutting (autolesiones), prevenci\u00f3n y soluci\u00f3n pac\u00edfica de conflictos y atenci\u00f3n psicol\u00f3gica gratuita.<\/p>\n","protected":false},"excerpt":{"rendered":"<p>Se llev\u00f3 a cabo una jornada de pl\u00e1ticas informativas, donde ofreci\u00f3 herramientas para el manejo de emociones.<\/p>\n","protected":false},"author":4,"featured_media":30628,"comment_status":"closed","ping_status":"closed","sticky":false,"template":"","format":"standard","meta":{"_et_pb_use_builder":"off","_et_pb_old_content":"","_et_gb_content_width":"","footnotes":""},"categories":[280],"tags":[180,72,66],"class_list":["post-30627","post","type-post","status-publish","format-standard","has-post-thumbnail","hentry","category-gob-slp","tag-dif-estatal","tag-gobierno-del-estado","tag-san-luis-potosi"],"_links":{"self":[{"href":"https:\/\/gerardoduque.com.mx\/index.php?rest_route=\/wp\/v2\/posts\/30627","targetHints":{"allow":["GET"]}}],"collection":[{"href":"https:\/\/gerardoduque.com.mx\/index.php?rest_route=\/wp\/v2\/posts"}],"about":[{"href":"https:\/\/gerardoduque.com.mx\/index.php?rest_route=\/wp\/v2\/types\/post"}],"author":[{"embeddable":true,"href":"https:\/\/gerardoduque.com.mx\/index.php?rest_route=\/wp\/v2\/users\/4"}],"replies":[{"embeddable":true,"href":"https:\/\/gerardoduque.com.mx\/index.php?rest_route=%2Fwp%2Fv2%2Fcomments&post=30627"}],"version-history":[{"count":0,"href":"https:\/\/gerardoduque.com.mx\/index.php?rest_route=\/wp\/v2\/posts\/30627\/revisions"}],"wp:featuredmedia":[{"embeddable":true,"href":"https:\/\/gerardoduque.com.mx\/index.php?rest_route=\/wp\/v2\/media\/30628"}],"wp:attachment":[{"href":"https:\/\/gerardoduque.com.mx\/index.php?rest_route=%2Fwp%2Fv2%2Fmedia&parent=30627"}],"wp:term":[{"taxonomy":"category","embeddable":true,"href":"https:\/\/gerardoduque.com.mx\/index.php?rest_route=%2Fwp%2Fv2%2Fcategories&post=30627"},{"taxonomy":"post_tag","embeddable":true,"href":"https:\/\/gerardoduque.com.mx\/index.php?rest_route=%2Fwp%2Fv2%2Ftags&post=30627"}],"curies":[{"name":"wp","href":"https:\/\/api.w.org\/{rel}","templated":true}]}}