{"id":30615,"date":"2024-10-13T09:15:45","date_gmt":"2024-10-13T15:15:45","guid":{"rendered":"https:\/\/gerardoduque.com.mx\/?p=30615"},"modified":"2024-10-13T09:15:48","modified_gmt":"2024-10-13T15:15:48","slug":"capacitaran-a-maestros-en-medidas-de-inclusion-de-alumnos-con-discapacidad","status":"publish","type":"post","link":"https:\/\/gerardoduque.com.mx\/?p=30615","title":{"rendered":"CAPACITAR\u00c1N A MAESTROS EN MEDIDAS DE INCLUSI\u00d3N DE ALUMNOS CON DISCAPACIDAD"},"content":{"rendered":"\n<p>El Instituto de Capacitaci\u00f3n para el Trabajo y la Secretar\u00eda de Educaci\u00f3n de Gobierno del Estado firmaron un convenio de colaboraci\u00f3n para promover la inclusi\u00f3n en espacios educativos a trav\u00e9s de la capacitaci\u00f3n que ser\u00e1 impartida a docentes y personal administrativo, as\u00ed como a los alumnos.<\/p>\n\n\n\n<p>En b\u00fasqueda de brindar m\u00e1s apoyo a las personas con discapacidad, estas capacitaciones permitir\u00e1n erradicar la discriminaci\u00f3n y fomentar\u00e1n espacios de igualdad para que, principalmente los educandos con alguna discapacidad se desarrollen de manera plena.<\/p>\n\n\n\n<p>Adem\u00e1s, entre otros beneficios del convenio, egresados de bachillerato, profesional t\u00e9cnico bachiller o sus equivalentes, que no hayan ingresado a educaci\u00f3n superior, puedan capacitarse y certificarse en el Icat con la finalidad de proporcionar herramientas que les permitan integrarse al \u00e1mbito laboral, para que puedan acceder a empleos mejor pagados.<\/p>\n","protected":false},"excerpt":{"rendered":"<p>Se busca que los educandos con alguna discapacidad se desarrollen de manera plena.<\/p>\n","protected":false},"author":4,"featured_media":30616,"comment_status":"closed","ping_status":"closed","sticky":false,"template":"","format":"standard","meta":{"_et_pb_use_builder":"off","_et_pb_old_content":"","_et_gb_content_width":"","footnotes":""},"categories":[280],"tags":[72,66,196],"class_list":["post-30615","post","type-post","status-publish","format-standard","has-post-thumbnail","hentry","category-gob-slp","tag-gobierno-del-estado","tag-san-luis-potosi","tag-sege"],"_links":{"self":[{"href":"https:\/\/gerardoduque.com.mx\/index.php?rest_route=\/wp\/v2\/posts\/30615","targetHints":{"allow":["GET"]}}],"collection":[{"href":"https:\/\/gerardoduque.com.mx\/index.php?rest_route=\/wp\/v2\/posts"}],"about":[{"href":"https:\/\/gerardoduque.com.mx\/index.php?rest_route=\/wp\/v2\/types\/post"}],"author":[{"embeddable":true,"href":"https:\/\/gerardoduque.com.mx\/index.php?rest_route=\/wp\/v2\/users\/4"}],"replies":[{"embeddable":true,"href":"https:\/\/gerardoduque.com.mx\/index.php?rest_route=%2Fwp%2Fv2%2Fcomments&post=30615"}],"version-history":[{"count":0,"href":"https:\/\/gerardoduque.com.mx\/index.php?rest_route=\/wp\/v2\/posts\/30615\/revisions"}],"wp:featuredmedia":[{"embeddable":true,"href":"https:\/\/gerardoduque.com.mx\/index.php?rest_route=\/wp\/v2\/media\/30616"}],"wp:attachment":[{"href":"https:\/\/gerardoduque.com.mx\/index.php?rest_route=%2Fwp%2Fv2%2Fmedia&parent=30615"}],"wp:term":[{"taxonomy":"category","embeddable":true,"href":"https:\/\/gerardoduque.com.mx\/index.php?rest_route=%2Fwp%2Fv2%2Fcategories&post=30615"},{"taxonomy":"post_tag","embeddable":true,"href":"https:\/\/gerardoduque.com.mx\/index.php?rest_route=%2Fwp%2Fv2%2Ftags&post=30615"}],"curies":[{"name":"wp","href":"https:\/\/api.w.org\/{rel}","templated":true}]}}