{"id":30609,"date":"2024-10-13T09:08:52","date_gmt":"2024-10-13T15:08:52","guid":{"rendered":"https:\/\/gerardoduque.com.mx\/?p=30609"},"modified":"2024-10-13T09:08:55","modified_gmt":"2024-10-13T15:08:55","slug":"amplian-16-km-la-ruta-54-a-mexquitic","status":"publish","type":"post","link":"https:\/\/gerardoduque.com.mx\/?p=30609","title":{"rendered":"AMPLIAN 16 KM LA RUTA 54 A MEXQUITIC"},"content":{"rendered":"\n<p>La Secretar\u00eda de Comunicaciones y Transportes impuls\u00f3 la ampliaci\u00f3n de la ruta 54 de transporte urbano, a la cabecera municipal de Mexquitic de Carmona, atendiendo las solicitudes de la ciudadan\u00eda que fueron recibidas a trav\u00e9s de los comit\u00e9s vecinales de la dependencia.<\/p>\n\n\n\n<p>La titular de la SCT detall\u00f3 que la ruta 54 se ampli\u00f3 16 kil\u00f3metros para beneficiar a distintas localidades como La Campana, La Playa, El Pedregal, El Llanito, La Colorada, Monte Obscuro, Agua Se\u00f1ora, El Jaralito, entre otras.<\/p>\n\n\n\n<p>Tras coordinar reuniones con los concesionarios, se establecieron 16 unidades que prestar\u00e1n el servicio en un horario de operaci\u00f3n de lunes a s\u00e1bado de 5:40 a 20:40 horas, adapt\u00e1ndose a las necesidades de quienes habitan y se benefician de esta ruta y que se suma a la puesta en operaci\u00f3n de las modernas rutas de transporte MetroRed.<\/p>\n","protected":false},"excerpt":{"rendered":"<p>Se busca beneficiar a distintas localidades como La Campana, La Playa, El Pedregal, El Llanito, La Colorada, Monte Obscuro, Agua Se\u00f1ora, El Jaralito, entre otras.<\/p>\n","protected":false},"author":4,"featured_media":30610,"comment_status":"closed","ping_status":"closed","sticky":false,"template":"","format":"standard","meta":{"_et_pb_use_builder":"off","_et_pb_old_content":"","_et_gb_content_width":"","footnotes":""},"categories":[280],"tags":[72,66,216],"class_list":["post-30609","post","type-post","status-publish","format-standard","has-post-thumbnail","hentry","category-gob-slp","tag-gobierno-del-estado","tag-san-luis-potosi","tag-sct"],"_links":{"self":[{"href":"https:\/\/gerardoduque.com.mx\/index.php?rest_route=\/wp\/v2\/posts\/30609","targetHints":{"allow":["GET"]}}],"collection":[{"href":"https:\/\/gerardoduque.com.mx\/index.php?rest_route=\/wp\/v2\/posts"}],"about":[{"href":"https:\/\/gerardoduque.com.mx\/index.php?rest_route=\/wp\/v2\/types\/post"}],"author":[{"embeddable":true,"href":"https:\/\/gerardoduque.com.mx\/index.php?rest_route=\/wp\/v2\/users\/4"}],"replies":[{"embeddable":true,"href":"https:\/\/gerardoduque.com.mx\/index.php?rest_route=%2Fwp%2Fv2%2Fcomments&post=30609"}],"version-history":[{"count":0,"href":"https:\/\/gerardoduque.com.mx\/index.php?rest_route=\/wp\/v2\/posts\/30609\/revisions"}],"wp:featuredmedia":[{"embeddable":true,"href":"https:\/\/gerardoduque.com.mx\/index.php?rest_route=\/wp\/v2\/media\/30610"}],"wp:attachment":[{"href":"https:\/\/gerardoduque.com.mx\/index.php?rest_route=%2Fwp%2Fv2%2Fmedia&parent=30609"}],"wp:term":[{"taxonomy":"category","embeddable":true,"href":"https:\/\/gerardoduque.com.mx\/index.php?rest_route=%2Fwp%2Fv2%2Fcategories&post=30609"},{"taxonomy":"post_tag","embeddable":true,"href":"https:\/\/gerardoduque.com.mx\/index.php?rest_route=%2Fwp%2Fv2%2Ftags&post=30609"}],"curies":[{"name":"wp","href":"https:\/\/api.w.org\/{rel}","templated":true}]}}