{"id":30603,"date":"2024-10-13T08:46:20","date_gmt":"2024-10-13T14:46:20","guid":{"rendered":"https:\/\/gerardoduque.com.mx\/?p=30603"},"modified":"2024-10-13T08:46:23","modified_gmt":"2024-10-13T14:46:23","slug":"modernizan-instituto-geriatrico-nicolas-aguilar","status":"publish","type":"post","link":"https:\/\/gerardoduque.com.mx\/?p=30603","title":{"rendered":"MODERNIZAN INSTITUTO GERI\u00c1TRICO \u201cNICOL\u00c1S AGUILAR\u201d"},"content":{"rendered":"\n<p>El Sistema Estatal para el Desarrollo Integral de la Familia, de la mano de los Servicios de Salud del Estado de San Luis Potos\u00ed, modernizan los espacios generales, adem\u00e1s de dotar de equipos especializados para la atenci\u00f3n de los residentes adultos mayores del instituto geri\u00e1trico \u201cNicol\u00e1s Aguilar\u201d.<\/p>\n\n\n\n<p>La directora general del DIF Estatal coment\u00f3 que, para mejorar la calidad de vida de las personas adultas mayores, este equipamiento permitir\u00e1 que los residentes tengan una estancia m\u00e1s c\u00f3moda para que reciban una mejor atenci\u00f3n m\u00e9dica.<\/p>\n\n\n\n<p>Con un valor de inversi\u00f3n superior al mill\u00f3n de pesos, se entregaron 50 camas el\u00e9ctricas, tres monitores de signos vitales, un desfibrilador, dos carros rojos, un microscopio, dos mesas Pasteur, un nebulizador, b\u00e1scula con estad\u00edmetro digital y m\u00f3dulo de enfermer\u00eda, entre otros equipos.<\/p>\n\n\n\n<p>Con la remodelaci\u00f3n del espacio se brinda m\u00e1s apoyo a los adultos mayores, con la atenci\u00f3n de sus necesidades f\u00edsicas y m\u00e9dicas.<\/p>\n","protected":false},"excerpt":{"rendered":"<p>Se acondicion\u00f3 y equip\u00f3 las \u00e1reas generales del instituto geri\u00e1trico para los residentes.<\/p>\n","protected":false},"author":4,"featured_media":30604,"comment_status":"closed","ping_status":"closed","sticky":false,"template":"","format":"standard","meta":{"_et_pb_use_builder":"off","_et_pb_old_content":"","_et_gb_content_width":"","footnotes":""},"categories":[280],"tags":[180,72,66],"class_list":["post-30603","post","type-post","status-publish","format-standard","has-post-thumbnail","hentry","category-gob-slp","tag-dif-estatal","tag-gobierno-del-estado","tag-san-luis-potosi"],"_links":{"self":[{"href":"https:\/\/gerardoduque.com.mx\/index.php?rest_route=\/wp\/v2\/posts\/30603","targetHints":{"allow":["GET"]}}],"collection":[{"href":"https:\/\/gerardoduque.com.mx\/index.php?rest_route=\/wp\/v2\/posts"}],"about":[{"href":"https:\/\/gerardoduque.com.mx\/index.php?rest_route=\/wp\/v2\/types\/post"}],"author":[{"embeddable":true,"href":"https:\/\/gerardoduque.com.mx\/index.php?rest_route=\/wp\/v2\/users\/4"}],"replies":[{"embeddable":true,"href":"https:\/\/gerardoduque.com.mx\/index.php?rest_route=%2Fwp%2Fv2%2Fcomments&post=30603"}],"version-history":[{"count":0,"href":"https:\/\/gerardoduque.com.mx\/index.php?rest_route=\/wp\/v2\/posts\/30603\/revisions"}],"wp:featuredmedia":[{"embeddable":true,"href":"https:\/\/gerardoduque.com.mx\/index.php?rest_route=\/wp\/v2\/media\/30604"}],"wp:attachment":[{"href":"https:\/\/gerardoduque.com.mx\/index.php?rest_route=%2Fwp%2Fv2%2Fmedia&parent=30603"}],"wp:term":[{"taxonomy":"category","embeddable":true,"href":"https:\/\/gerardoduque.com.mx\/index.php?rest_route=%2Fwp%2Fv2%2Fcategories&post=30603"},{"taxonomy":"post_tag","embeddable":true,"href":"https:\/\/gerardoduque.com.mx\/index.php?rest_route=%2Fwp%2Fv2%2Ftags&post=30603"}],"curies":[{"name":"wp","href":"https:\/\/api.w.org\/{rel}","templated":true}]}}