{"id":30594,"date":"2024-10-12T15:15:37","date_gmt":"2024-10-12T21:15:37","guid":{"rendered":"https:\/\/gerardoduque.com.mx\/?p=30594"},"modified":"2024-10-12T15:15:40","modified_gmt":"2024-10-12T21:15:40","slug":"capacitan-a-personal-de-coepris-para-brindar-mejores-servicios","status":"publish","type":"post","link":"https:\/\/gerardoduque.com.mx\/?p=30594","title":{"rendered":"CAPACITAN A PERSONAL DE COEPRIS PARA BRINDAR MEJORES SERVICIOS"},"content":{"rendered":"\n<p>Para mejorar la atenci\u00f3n y los servicios que se brindan a los potosinos, la Oficial\u00eda Mayor del Ejecutivo a trav\u00e9s de la Subdirecci\u00f3n de Desarrollo Humano, avanza con la estrategia de capacitaci\u00f3n a los trabajadores del Estado, y realiz\u00f3 la conferencia \u00abEfectos psico-ambientales de la naturaleza en las oficinas\u00bb, donde participaron alrededor de 90 servidores p\u00fablicos de la Comisi\u00f3n Estatal para la Protecci\u00f3n contra Riesgos Sanitarios de la Secretar\u00eda de Salud.<\/p>\n\n\n\n<p>La dependencia implementa acciones de formaci\u00f3n al personal estatal, en este caso sobre la problem\u00e1tica clim\u00e1tica que afecta la salud, la econom\u00eda y el medio ambiente para sensibilizarlos y que desde su trabajo promuevan acciones de cuidado al medio ambiente, la atenci\u00f3n a la salud y consolidar espacios de trabajo m\u00e1s saludables y eficientes.<\/p>\n\n\n\n<p>Esta pl\u00e1tica abord\u00f3 como puntos trascendentales como problem\u00e1tica ambiental de la carencia de condiciones naturales en oficinas; la antropolog\u00eda m\u00e9dica: el impacto del espacio en la salud y enfermedad del personal, entre otros, para que los trabajadores tomen conciencia sobre el impacto de la calidad natural del sitio en el que trabajan, a fin de coadyuvar en el mejoramiento de las condiciones ambientales y brindar m\u00e1s apoyo a las y los potosinos.<\/p>\n","protected":false},"excerpt":{"rendered":"<p>Se imparti\u00f3 la conferencia \u00abEfectos psico-ambientales de la naturaleza en las oficinas\u00bb, con la participaci\u00f3n de 90 servidores p\u00fablicos<\/p>\n","protected":false},"author":4,"featured_media":30595,"comment_status":"closed","ping_status":"closed","sticky":false,"template":"","format":"standard","meta":{"_et_pb_use_builder":"off","_et_pb_old_content":"","_et_gb_content_width":"","footnotes":""},"categories":[280],"tags":[195,72,289,66],"class_list":["post-30594","post","type-post","status-publish","format-standard","has-post-thumbnail","hentry","category-gob-slp","tag-coepris","tag-gobierno-del-estado","tag-oficialia-mayor","tag-san-luis-potosi"],"_links":{"self":[{"href":"https:\/\/gerardoduque.com.mx\/index.php?rest_route=\/wp\/v2\/posts\/30594","targetHints":{"allow":["GET"]}}],"collection":[{"href":"https:\/\/gerardoduque.com.mx\/index.php?rest_route=\/wp\/v2\/posts"}],"about":[{"href":"https:\/\/gerardoduque.com.mx\/index.php?rest_route=\/wp\/v2\/types\/post"}],"author":[{"embeddable":true,"href":"https:\/\/gerardoduque.com.mx\/index.php?rest_route=\/wp\/v2\/users\/4"}],"replies":[{"embeddable":true,"href":"https:\/\/gerardoduque.com.mx\/index.php?rest_route=%2Fwp%2Fv2%2Fcomments&post=30594"}],"version-history":[{"count":0,"href":"https:\/\/gerardoduque.com.mx\/index.php?rest_route=\/wp\/v2\/posts\/30594\/revisions"}],"wp:featuredmedia":[{"embeddable":true,"href":"https:\/\/gerardoduque.com.mx\/index.php?rest_route=\/wp\/v2\/media\/30595"}],"wp:attachment":[{"href":"https:\/\/gerardoduque.com.mx\/index.php?rest_route=%2Fwp%2Fv2%2Fmedia&parent=30594"}],"wp:term":[{"taxonomy":"category","embeddable":true,"href":"https:\/\/gerardoduque.com.mx\/index.php?rest_route=%2Fwp%2Fv2%2Fcategories&post=30594"},{"taxonomy":"post_tag","embeddable":true,"href":"https:\/\/gerardoduque.com.mx\/index.php?rest_route=%2Fwp%2Fv2%2Ftags&post=30594"}],"curies":[{"name":"wp","href":"https:\/\/api.w.org\/{rel}","templated":true}]}}