{"id":30588,"date":"2024-10-12T15:08:07","date_gmt":"2024-10-12T21:08:07","guid":{"rendered":"https:\/\/gerardoduque.com.mx\/?p=30588"},"modified":"2024-10-12T15:08:10","modified_gmt":"2024-10-12T21:08:10","slug":"todo-listo-para-el-torneo-nacional-de-charreria-2024","status":"publish","type":"post","link":"https:\/\/gerardoduque.com.mx\/?p=30588","title":{"rendered":"TODO LISTO PARA EL TORNEO NACIONAL DE CHARRER\u00cdA 2024"},"content":{"rendered":"\n<p>El deporte mexicano en su m\u00e1ximo esplendor est\u00e1 a punto de iniciar en San Luis Potos\u00ed. En la Arena Potos\u00ed, el presidente de la Federaci\u00f3n Mexicana de Charrer\u00eda encabez\u00f3 una rueda de prensa en la que se dieron a conocer los detalles previos al LXXX Congreso y Campeonato Nacional San Luis Potos\u00ed en honor a Don Esteban Gonz\u00e1lez.&nbsp;<\/p>\n\n\n\n<p>El dirigente agradeci\u00f3 el apoyo y por haberle dotado a San Luis Potos\u00ed del mejor recinto que adem\u00e1s de recibir al m\u00e1ximo evento ser\u00e1 escenario de espect\u00e1culos del mejor nivel. La Federaci\u00f3n Mexicana de Charrer\u00eda que encabeza se declar\u00f3 lista de la mano del Gobierno del Estado para recibir a la familia charra de M\u00e9xico y de Estados Unidos.&nbsp;<\/p>\n\n\n\n<p>Reitero que en el Campeonato estar\u00e1n presentes 240 equipos charros, 131 escaramuzas y 16 charros completos. Se anunci\u00f3 que la inauguraci\u00f3n se llevar\u00e1 a cabo el lunes a las 20:00 horas en el Teatro de la Paz y la inauguraci\u00f3n deportiva el lunes previo a la charreada de las 17:00 horas. Las competencias en la parte eliminatoria y finales del 15 de octubre al 3 de noviembre.<\/p>\n","protected":false},"excerpt":{"rendered":"<p>Del 14 de octubre al 3 de noviembre la Arena Potos\u00ed recibir\u00e1 a la familia charra<\/p>\n","protected":false},"author":4,"featured_media":30589,"comment_status":"closed","ping_status":"closed","sticky":false,"template":"","format":"standard","meta":{"_et_pb_use_builder":"off","_et_pb_old_content":"","_et_gb_content_width":"","footnotes":""},"categories":[280],"tags":[72,66],"class_list":["post-30588","post","type-post","status-publish","format-standard","has-post-thumbnail","hentry","category-gob-slp","tag-gobierno-del-estado","tag-san-luis-potosi"],"_links":{"self":[{"href":"https:\/\/gerardoduque.com.mx\/index.php?rest_route=\/wp\/v2\/posts\/30588","targetHints":{"allow":["GET"]}}],"collection":[{"href":"https:\/\/gerardoduque.com.mx\/index.php?rest_route=\/wp\/v2\/posts"}],"about":[{"href":"https:\/\/gerardoduque.com.mx\/index.php?rest_route=\/wp\/v2\/types\/post"}],"author":[{"embeddable":true,"href":"https:\/\/gerardoduque.com.mx\/index.php?rest_route=\/wp\/v2\/users\/4"}],"replies":[{"embeddable":true,"href":"https:\/\/gerardoduque.com.mx\/index.php?rest_route=%2Fwp%2Fv2%2Fcomments&post=30588"}],"version-history":[{"count":0,"href":"https:\/\/gerardoduque.com.mx\/index.php?rest_route=\/wp\/v2\/posts\/30588\/revisions"}],"wp:featuredmedia":[{"embeddable":true,"href":"https:\/\/gerardoduque.com.mx\/index.php?rest_route=\/wp\/v2\/media\/30589"}],"wp:attachment":[{"href":"https:\/\/gerardoduque.com.mx\/index.php?rest_route=%2Fwp%2Fv2%2Fmedia&parent=30588"}],"wp:term":[{"taxonomy":"category","embeddable":true,"href":"https:\/\/gerardoduque.com.mx\/index.php?rest_route=%2Fwp%2Fv2%2Fcategories&post=30588"},{"taxonomy":"post_tag","embeddable":true,"href":"https:\/\/gerardoduque.com.mx\/index.php?rest_route=%2Fwp%2Fv2%2Ftags&post=30588"}],"curies":[{"name":"wp","href":"https:\/\/api.w.org\/{rel}","templated":true}]}}