{"id":30585,"date":"2024-10-12T15:04:29","date_gmt":"2024-10-12T21:04:29","guid":{"rendered":"https:\/\/gerardoduque.com.mx\/?p=30585"},"modified":"2024-10-12T15:04:33","modified_gmt":"2024-10-12T21:04:33","slug":"invitan-a-negocios-a-formar-parte-del-mercadito-charro-2024","status":"publish","type":"post","link":"https:\/\/gerardoduque.com.mx\/?p=30585","title":{"rendered":"INVITAN A NEGOCIOS A FORMAR PARTE DEL MERCADITO CHARRO 2024"},"content":{"rendered":"\n<p>En el marco del Torneo Nacional Charro 2024, que tendr\u00e1 como sede la nueva Arena Potos\u00ed, la Feria Nacional Potosina invita a los emprendedores y peque\u00f1os empresarios a formar parte del Mercadito Charro, del 14 de octubre al 3 de noviembre de 2024, por lo que hizo un llamado a promover la participaci\u00f3n de negocios locales y regionales en un ambiente lleno de tradici\u00f3n y cultura mexicana.<\/p>\n\n\n\n<p>El Mercadito Charro ser\u00e1 un espacio donde los emprendedores podr\u00e1n exhibir y vender sus productos, desde artesan\u00edas, productos regionales, gastronom\u00eda y moda, aprovechando la gran afluencia de visitantes que asistir\u00e1n al torneo y otras actividades dentro del recinto ferial, con una amplia variedad de ofertas que reflejan la riqueza cultural del Estado.<\/p>\n\n\n\n<p>La invitaci\u00f3n es una excelente oportunidad para dar a conocer sus negocios y fortalecer la econom\u00eda local, en un evento que atraer\u00e1 a miles de personas de todo el pa\u00eds y del extranjero, por lo que pidi\u00f3 a las y los interesados contactar a la Fenapo a trav\u00e9s de las redes sociales oficiales o mediante el n\u00famero de WhatsApp 444 537 34 46.<\/p>\n","protected":false},"excerpt":{"rendered":"<p>Ser\u00e1 una excelente oportunidad para dar a conocer los negocios y fortalecer la econom\u00eda local, durante el Torneo Nacional Charro, que atraer\u00e1 a personas de todo el pa\u00eds<\/p>\n","protected":false},"author":4,"featured_media":30586,"comment_status":"closed","ping_status":"closed","sticky":false,"template":"","format":"standard","meta":{"_et_pb_use_builder":"off","_et_pb_old_content":"","_et_gb_content_width":"","footnotes":""},"categories":[280],"tags":[72,66,403],"class_list":["post-30585","post","type-post","status-publish","format-standard","has-post-thumbnail","hentry","category-gob-slp","tag-gobierno-del-estado","tag-san-luis-potosi","tag-securt"],"_links":{"self":[{"href":"https:\/\/gerardoduque.com.mx\/index.php?rest_route=\/wp\/v2\/posts\/30585","targetHints":{"allow":["GET"]}}],"collection":[{"href":"https:\/\/gerardoduque.com.mx\/index.php?rest_route=\/wp\/v2\/posts"}],"about":[{"href":"https:\/\/gerardoduque.com.mx\/index.php?rest_route=\/wp\/v2\/types\/post"}],"author":[{"embeddable":true,"href":"https:\/\/gerardoduque.com.mx\/index.php?rest_route=\/wp\/v2\/users\/4"}],"replies":[{"embeddable":true,"href":"https:\/\/gerardoduque.com.mx\/index.php?rest_route=%2Fwp%2Fv2%2Fcomments&post=30585"}],"version-history":[{"count":0,"href":"https:\/\/gerardoduque.com.mx\/index.php?rest_route=\/wp\/v2\/posts\/30585\/revisions"}],"wp:featuredmedia":[{"embeddable":true,"href":"https:\/\/gerardoduque.com.mx\/index.php?rest_route=\/wp\/v2\/media\/30586"}],"wp:attachment":[{"href":"https:\/\/gerardoduque.com.mx\/index.php?rest_route=%2Fwp%2Fv2%2Fmedia&parent=30585"}],"wp:term":[{"taxonomy":"category","embeddable":true,"href":"https:\/\/gerardoduque.com.mx\/index.php?rest_route=%2Fwp%2Fv2%2Fcategories&post=30585"},{"taxonomy":"post_tag","embeddable":true,"href":"https:\/\/gerardoduque.com.mx\/index.php?rest_route=%2Fwp%2Fv2%2Ftags&post=30585"}],"curies":[{"name":"wp","href":"https:\/\/api.w.org\/{rel}","templated":true}]}}