{"id":30562,"date":"2024-10-11T07:12:41","date_gmt":"2024-10-11T13:12:41","guid":{"rendered":"https:\/\/gerardoduque.com.mx\/?p=30562"},"modified":"2024-10-11T07:12:44","modified_gmt":"2024-10-11T13:12:44","slug":"conmemoran-dia-mundial-de-la-salud-mental","status":"publish","type":"post","link":"https:\/\/gerardoduque.com.mx\/?p=30562","title":{"rendered":"CONMEMORAN D\u00cdA MUNDIAL DE LA SALUD MENTAL"},"content":{"rendered":"\n<p>El Instituto Temazcalli, realiz\u00f3 jornadas informativas y de sensibilizaci\u00f3n en el marco del D\u00eda Mundial de la Salud Mental, con la finalidad de promover factores de protecci\u00f3n y brindar m\u00e1s apoyo a los potosinos, as\u00ed como prevenir riesgos que amenacen su bienestar integral.<\/p>\n\n\n\n<p>Con la finalidad de proteger la salud de las familias potosinas en las cuatro regiones, realizaron tres conferencias para estudiantes de la Universidad Tecnol\u00f3gica de San Luis Potos\u00ed y la Universidad San Pablo y una visita acad\u00e9mica a la Universidad del Valle de M\u00e9xico beneficiando a 200 alumnos.<\/p>\n\n\n\n<p>Asimismo, detall\u00f3 hubo una participaci\u00f3n en Canal Nueve, donde brindaron consejos de protecci\u00f3n a la salud mental para la poblaci\u00f3n y los servicios que el Instituto pone a disposici\u00f3n para atender cualquier afecci\u00f3n, como son alteraciones de conducta, trastornos ansiosos y\/o depresivos, trastorno por d\u00e9ficit de atenci\u00f3n con o sin hiperactividad, trastorno del espectro autista, trastornos de la conducta alimentaria, adicciones, entre otros.<\/p>\n\n\n\n<p>Adem\u00e1s, realiz\u00f3 una campa\u00f1a informativa a trav\u00e9s de redes sociales, mediante videos e infograf\u00edas, donde compartieron consejos para prevenir posibles riesgos a la salud mental. Todo lo anterior, suma a los 39 mil 314 potosinas y potosinos beneficiados con los programas preventivos en lo que va del a\u00f1o, as\u00ed como a las 17 mil 114 personas atendidas en consulta externa y a las dos mil 520 atenciones brindadas en el \u00e1rea de autismo, as\u00ed como a los 56 internamientos concretados en la comunidad terap\u00e9utica.<\/p>\n","protected":false},"excerpt":{"rendered":"<p>Con jornadas informativas y de sensibilizaci\u00f3n, el Instituto Temazcalli promueve factores de protecci\u00f3n a la salud mental<\/p>\n","protected":false},"author":4,"featured_media":30563,"comment_status":"closed","ping_status":"closed","sticky":false,"template":"","format":"standard","meta":{"_et_pb_use_builder":"off","_et_pb_old_content":"","_et_gb_content_width":"","footnotes":""},"categories":[280],"tags":[72,338,66],"class_list":["post-30562","post","type-post","status-publish","format-standard","has-post-thumbnail","hentry","category-gob-slp","tag-gobierno-del-estado","tag-instituto-temazcalli","tag-san-luis-potosi"],"_links":{"self":[{"href":"https:\/\/gerardoduque.com.mx\/index.php?rest_route=\/wp\/v2\/posts\/30562","targetHints":{"allow":["GET"]}}],"collection":[{"href":"https:\/\/gerardoduque.com.mx\/index.php?rest_route=\/wp\/v2\/posts"}],"about":[{"href":"https:\/\/gerardoduque.com.mx\/index.php?rest_route=\/wp\/v2\/types\/post"}],"author":[{"embeddable":true,"href":"https:\/\/gerardoduque.com.mx\/index.php?rest_route=\/wp\/v2\/users\/4"}],"replies":[{"embeddable":true,"href":"https:\/\/gerardoduque.com.mx\/index.php?rest_route=%2Fwp%2Fv2%2Fcomments&post=30562"}],"version-history":[{"count":0,"href":"https:\/\/gerardoduque.com.mx\/index.php?rest_route=\/wp\/v2\/posts\/30562\/revisions"}],"wp:featuredmedia":[{"embeddable":true,"href":"https:\/\/gerardoduque.com.mx\/index.php?rest_route=\/wp\/v2\/media\/30563"}],"wp:attachment":[{"href":"https:\/\/gerardoduque.com.mx\/index.php?rest_route=%2Fwp%2Fv2%2Fmedia&parent=30562"}],"wp:term":[{"taxonomy":"category","embeddable":true,"href":"https:\/\/gerardoduque.com.mx\/index.php?rest_route=%2Fwp%2Fv2%2Fcategories&post=30562"},{"taxonomy":"post_tag","embeddable":true,"href":"https:\/\/gerardoduque.com.mx\/index.php?rest_route=%2Fwp%2Fv2%2Ftags&post=30562"}],"curies":[{"name":"wp","href":"https:\/\/api.w.org\/{rel}","templated":true}]}}