{"id":30551,"date":"2024-10-11T06:22:54","date_gmt":"2024-10-11T12:22:54","guid":{"rendered":"https:\/\/gerardoduque.com.mx\/?p=30551"},"modified":"2024-10-11T12:20:11","modified_gmt":"2024-10-11T18:20:11","slug":"fue-clausurada-la-construccion-de-la-tirolesa-en-puente-de-dios","status":"publish","type":"post","link":"https:\/\/gerardoduque.com.mx\/?p=30551","title":{"rendered":"TIROLESA CLANDESTINA EN TAMASOPO FUE CLAUSURADA"},"content":{"rendered":"\n<p>En b\u00fasqueda de que los visitantes que llegan a las cuatro regiones en las diferentes \u00e9pocas del a\u00f1o, disfruten de una estancia segura, la Coordinaci\u00f3n Estatal de Protecci\u00f3n Civil fortalece la inspecci\u00f3n de parajes tur\u00edsticos.<\/p>\n\n\n\n<p>Por ello, como resultado de la \u00faltima inspecci\u00f3n, fue clausurada la construcci\u00f3n de una tirolesa en el paraje Puente de Dios en Tamasopo. Dicho proyecto pretend\u00eda medir 275 metros lineales y el regreso de 30 metros lineales y una altura de 25 metros aproximadamente, sin embargo, no cumpl\u00eda con los requerimientos.<\/p>\n\n\n\n<p>De acuerdo con la dependencia, no se present\u00f3 el anteproyecto para factibilidad de construcci\u00f3n, el Programa Interno de Protecci\u00f3n Civil, la Ficha t\u00e9cnica, el plan de emergencia, dictamen estructural, memoria de c\u00e1lculo, estudio mec\u00e1nico de suelo, p\u00f3liza de responsabilidad civil y estudio de inestabilidad de laderas, por lo que el personal de la dependencia coloc\u00f3 sellos y cintas de clausura.<\/p>\n\n\n\n<figure class=\"wp-block-gallery has-nested-images columns-default is-cropped wp-block-gallery-1 is-layout-flex wp-block-gallery-is-layout-flex\">\n<figure class=\"wp-block-image size-large\"><img decoding=\"async\" width=\"1024\" height=\"576\" data-id=\"30553\" src=\"https:\/\/gerardoduque.com.mx\/wp-content\/uploads\/2024\/10\/101024-10916-PROTECCION-CIVIL-ESTATAL-FORTALECE-INSPECCION-EN-PARAJES-TURISTICOS-1-1024x576.jpeg\" alt=\"\" class=\"wp-image-30553\" srcset=\"https:\/\/gerardoduque.com.mx\/wp-content\/uploads\/2024\/10\/101024-10916-PROTECCION-CIVIL-ESTATAL-FORTALECE-INSPECCION-EN-PARAJES-TURISTICOS-1-1024x576.jpeg 1024w, https:\/\/gerardoduque.com.mx\/wp-content\/uploads\/2024\/10\/101024-10916-PROTECCION-CIVIL-ESTATAL-FORTALECE-INSPECCION-EN-PARAJES-TURISTICOS-1-980x551.jpeg 980w, https:\/\/gerardoduque.com.mx\/wp-content\/uploads\/2024\/10\/101024-10916-PROTECCION-CIVIL-ESTATAL-FORTALECE-INSPECCION-EN-PARAJES-TURISTICOS-1-480x270.jpeg 480w\" sizes=\"(min-width: 0px) and (max-width: 480px) 480px, (min-width: 481px) and (max-width: 980px) 980px, (min-width: 981px) 1024px, 100vw\" \/><\/figure>\n\n\n\n<figure class=\"wp-block-image size-large\"><img decoding=\"async\" width=\"1024\" height=\"576\" data-id=\"30554\" src=\"https:\/\/gerardoduque.com.mx\/wp-content\/uploads\/2024\/10\/101024-10916-PROTECCION-CIVIL-ESTATAL-FORTALECE-INSPECCION-EN-PARAJES-TURISTICOS-3-1024x576.jpeg\" alt=\"\" class=\"wp-image-30554\" srcset=\"https:\/\/gerardoduque.com.mx\/wp-content\/uploads\/2024\/10\/101024-10916-PROTECCION-CIVIL-ESTATAL-FORTALECE-INSPECCION-EN-PARAJES-TURISTICOS-3-1024x576.jpeg 1024w, https:\/\/gerardoduque.com.mx\/wp-content\/uploads\/2024\/10\/101024-10916-PROTECCION-CIVIL-ESTATAL-FORTALECE-INSPECCION-EN-PARAJES-TURISTICOS-3-980x551.jpeg 980w, https:\/\/gerardoduque.com.mx\/wp-content\/uploads\/2024\/10\/101024-10916-PROTECCION-CIVIL-ESTATAL-FORTALECE-INSPECCION-EN-PARAJES-TURISTICOS-3-480x270.jpeg 480w\" sizes=\"(min-width: 0px) and (max-width: 480px) 480px, (min-width: 481px) and (max-width: 980px) 980px, (min-width: 981px) 1024px, 100vw\" \/><\/figure>\n<\/figure>\n","protected":false},"excerpt":{"rendered":"<p>Dicho proyecto pretend\u00eda medir 275 metros lineales y el regreso de 30 metros lineales y una altura de 25 metros aproximadamente, sin embargo, no cumpl\u00eda con los requerimientos.<\/p>\n","protected":false},"author":4,"featured_media":30552,"comment_status":"closed","ping_status":"closed","sticky":false,"template":"","format":"standard","meta":{"_et_pb_use_builder":"off","_et_pb_old_content":"","_et_gb_content_width":"","footnotes":""},"categories":[412,280],"tags":[190,72,66],"class_list":["post-30551","post","type-post","status-publish","format-standard","has-post-thumbnail","hentry","category-destacado","category-gob-slp","tag-cepc","tag-gobierno-del-estado","tag-san-luis-potosi"],"_links":{"self":[{"href":"https:\/\/gerardoduque.com.mx\/index.php?rest_route=\/wp\/v2\/posts\/30551","targetHints":{"allow":["GET"]}}],"collection":[{"href":"https:\/\/gerardoduque.com.mx\/index.php?rest_route=\/wp\/v2\/posts"}],"about":[{"href":"https:\/\/gerardoduque.com.mx\/index.php?rest_route=\/wp\/v2\/types\/post"}],"author":[{"embeddable":true,"href":"https:\/\/gerardoduque.com.mx\/index.php?rest_route=\/wp\/v2\/users\/4"}],"replies":[{"embeddable":true,"href":"https:\/\/gerardoduque.com.mx\/index.php?rest_route=%2Fwp%2Fv2%2Fcomments&post=30551"}],"version-history":[{"count":0,"href":"https:\/\/gerardoduque.com.mx\/index.php?rest_route=\/wp\/v2\/posts\/30551\/revisions"}],"wp:featuredmedia":[{"embeddable":true,"href":"https:\/\/gerardoduque.com.mx\/index.php?rest_route=\/wp\/v2\/media\/30552"}],"wp:attachment":[{"href":"https:\/\/gerardoduque.com.mx\/index.php?rest_route=%2Fwp%2Fv2%2Fmedia&parent=30551"}],"wp:term":[{"taxonomy":"category","embeddable":true,"href":"https:\/\/gerardoduque.com.mx\/index.php?rest_route=%2Fwp%2Fv2%2Fcategories&post=30551"},{"taxonomy":"post_tag","embeddable":true,"href":"https:\/\/gerardoduque.com.mx\/index.php?rest_route=%2Fwp%2Fv2%2Ftags&post=30551"}],"curies":[{"name":"wp","href":"https:\/\/api.w.org\/{rel}","templated":true}]}}