{"id":30548,"date":"2024-10-11T06:18:07","date_gmt":"2024-10-11T12:18:07","guid":{"rendered":"https:\/\/gerardoduque.com.mx\/?p=30548"},"modified":"2024-10-11T06:18:09","modified_gmt":"2024-10-11T12:18:09","slug":"preparan-refugios-temporales-ante-temporada-invernal","status":"publish","type":"post","link":"https:\/\/gerardoduque.com.mx\/?p=30548","title":{"rendered":"PREPARAN REFUGIOS TEMPORALES ANTE TEMPORADA INVERNAL"},"content":{"rendered":"\n<p>Ante el inicio de la temporada invernal que de acuerdo con pron\u00f3sticos tendr\u00e1 48 frentes fr\u00edos, la Coordinaci\u00f3n Estatal de Protecci\u00f3n Civil, trabajan con las autoridades de los 59 municipios con el fin de prepararse para brindar apoyo a las familias potosinas m\u00e1s vulnerables y contar con sus refugios temporales.<\/p>\n\n\n\n<p>Ante la presencia de cuatro frentes fr\u00edos durante octubre, personal de Protecci\u00f3n Civil Estatal, realiza recorridos para detectar a personas en situaci\u00f3n de calle y que son llevadas a refugiarse de las bajas temperaturas.<\/p>\n\n\n\n<p>Hasta el momento, las temperaturas m\u00e1s bajas que se han registrado var\u00edan entre 10 a 12 grados cent\u00edgrados, principalmente en la regi\u00f3n Centro y en el Altiplano.<\/p>\n","protected":false},"excerpt":{"rendered":"<p>Los pron\u00f3sticos consideran alrededor de 48 frentes fr\u00edos<\/p>\n","protected":false},"author":4,"featured_media":30549,"comment_status":"closed","ping_status":"closed","sticky":false,"template":"","format":"standard","meta":{"_et_pb_use_builder":"off","_et_pb_old_content":"","_et_gb_content_width":"","footnotes":""},"categories":[280],"tags":[190,72,66],"class_list":["post-30548","post","type-post","status-publish","format-standard","has-post-thumbnail","hentry","category-gob-slp","tag-cepc","tag-gobierno-del-estado","tag-san-luis-potosi"],"_links":{"self":[{"href":"https:\/\/gerardoduque.com.mx\/index.php?rest_route=\/wp\/v2\/posts\/30548","targetHints":{"allow":["GET"]}}],"collection":[{"href":"https:\/\/gerardoduque.com.mx\/index.php?rest_route=\/wp\/v2\/posts"}],"about":[{"href":"https:\/\/gerardoduque.com.mx\/index.php?rest_route=\/wp\/v2\/types\/post"}],"author":[{"embeddable":true,"href":"https:\/\/gerardoduque.com.mx\/index.php?rest_route=\/wp\/v2\/users\/4"}],"replies":[{"embeddable":true,"href":"https:\/\/gerardoduque.com.mx\/index.php?rest_route=%2Fwp%2Fv2%2Fcomments&post=30548"}],"version-history":[{"count":0,"href":"https:\/\/gerardoduque.com.mx\/index.php?rest_route=\/wp\/v2\/posts\/30548\/revisions"}],"wp:featuredmedia":[{"embeddable":true,"href":"https:\/\/gerardoduque.com.mx\/index.php?rest_route=\/wp\/v2\/media\/30549"}],"wp:attachment":[{"href":"https:\/\/gerardoduque.com.mx\/index.php?rest_route=%2Fwp%2Fv2%2Fmedia&parent=30548"}],"wp:term":[{"taxonomy":"category","embeddable":true,"href":"https:\/\/gerardoduque.com.mx\/index.php?rest_route=%2Fwp%2Fv2%2Fcategories&post=30548"},{"taxonomy":"post_tag","embeddable":true,"href":"https:\/\/gerardoduque.com.mx\/index.php?rest_route=%2Fwp%2Fv2%2Ftags&post=30548"}],"curies":[{"name":"wp","href":"https:\/\/api.w.org\/{rel}","templated":true}]}}