{"id":30532,"date":"2024-10-10T07:49:06","date_gmt":"2024-10-10T13:49:06","guid":{"rendered":"https:\/\/gerardoduque.com.mx\/?p=30532"},"modified":"2024-10-10T07:49:09","modified_gmt":"2024-10-10T13:49:09","slug":"se-realizara-concurso-de-dibujo-para-promover-la-proteccion-animal","status":"publish","type":"post","link":"https:\/\/gerardoduque.com.mx\/?p=30532","title":{"rendered":"SE REALIZAR\u00c1 CONCURSO DE DIBUJO PARA PROMOVER LA PROTECCI\u00d3N ANIMAL"},"content":{"rendered":"\n<p>El Secretariado Ejecutivo del Consejo Estatal de Seguridad P\u00fablica cerrar\u00e1 el pr\u00f3ximo 25 de octubre, la convocatoria para el Tercer Concurso Estatal de Dibujo y Pintura, con el tema \u201cprevenci\u00f3n del maltrato animal\u201d, por lo que invita a los ni\u00f1os y j\u00f3venes de ocho a 20 a\u00f1os a participar, con lo que contribuyen a las acciones de concientizaci\u00f3n que redundan en m\u00e1s apoyo en el cuidado y conservaci\u00f3n del medio ambiente y los animales.&nbsp;<\/p>\n\n\n\n<p>El concurso forma parte de la estrategia de prevenci\u00f3n del delito, con la finalidad de hacer conciencia y sensibilizar sobre el maltrato animal, pues record\u00f3 que por iniciativa del Gobierno Estatal, el Congreso del Estado modific\u00f3 las fracciones I a IV del art\u00edculo 317, en el C\u00f3digo Penal.<\/p>\n\n\n\n<p>Dichas modificaciones contemplan penas de cinco a doce meses de prisi\u00f3n y sanci\u00f3n econ\u00f3mica por maltrato a los animales. Mientras que por lesiones que produzcan da\u00f1o f\u00edsico permanente de dos a cinco a\u00f1os de prisi\u00f3n y sanci\u00f3n econ\u00f3mica.<\/p>\n\n\n\n<p>Las bases est\u00e1n en el sitio de internet https:\/\/slp.gob.mx\/secesp\/PDF\/CONVOCATORIA%20DE%20DIBUJO%202024.pdf y en redes sociales oficiales del SECESP.<\/p>\n","protected":false},"excerpt":{"rendered":"<p>Pueden participar ni\u00f1as, ni\u00f1os y j\u00f3venes de ocho a 20 a\u00f1os con el tema \u201cprevenci\u00f3n del maltrato animal\u201d<\/p>\n","protected":false},"author":4,"featured_media":30533,"comment_status":"closed","ping_status":"closed","sticky":false,"template":"","format":"standard","meta":{"_et_pb_use_builder":"off","_et_pb_old_content":"","_et_gb_content_width":"","footnotes":""},"categories":[280],"tags":[72,66,344],"class_list":["post-30532","post","type-post","status-publish","format-standard","has-post-thumbnail","hentry","category-gob-slp","tag-gobierno-del-estado","tag-san-luis-potosi","tag-secesp"],"_links":{"self":[{"href":"https:\/\/gerardoduque.com.mx\/index.php?rest_route=\/wp\/v2\/posts\/30532","targetHints":{"allow":["GET"]}}],"collection":[{"href":"https:\/\/gerardoduque.com.mx\/index.php?rest_route=\/wp\/v2\/posts"}],"about":[{"href":"https:\/\/gerardoduque.com.mx\/index.php?rest_route=\/wp\/v2\/types\/post"}],"author":[{"embeddable":true,"href":"https:\/\/gerardoduque.com.mx\/index.php?rest_route=\/wp\/v2\/users\/4"}],"replies":[{"embeddable":true,"href":"https:\/\/gerardoduque.com.mx\/index.php?rest_route=%2Fwp%2Fv2%2Fcomments&post=30532"}],"version-history":[{"count":0,"href":"https:\/\/gerardoduque.com.mx\/index.php?rest_route=\/wp\/v2\/posts\/30532\/revisions"}],"wp:featuredmedia":[{"embeddable":true,"href":"https:\/\/gerardoduque.com.mx\/index.php?rest_route=\/wp\/v2\/media\/30533"}],"wp:attachment":[{"href":"https:\/\/gerardoduque.com.mx\/index.php?rest_route=%2Fwp%2Fv2%2Fmedia&parent=30532"}],"wp:term":[{"taxonomy":"category","embeddable":true,"href":"https:\/\/gerardoduque.com.mx\/index.php?rest_route=%2Fwp%2Fv2%2Fcategories&post=30532"},{"taxonomy":"post_tag","embeddable":true,"href":"https:\/\/gerardoduque.com.mx\/index.php?rest_route=%2Fwp%2Fv2%2Ftags&post=30532"}],"curies":[{"name":"wp","href":"https:\/\/api.w.org\/{rel}","templated":true}]}}