{"id":30528,"date":"2024-10-10T07:08:02","date_gmt":"2024-10-10T13:08:02","guid":{"rendered":"https:\/\/gerardoduque.com.mx\/?p=30528"},"modified":"2024-10-10T07:08:04","modified_gmt":"2024-10-10T13:08:04","slug":"encuentro-mayorista-de-la-industria-mueblera-se-realiza-en-slp","status":"publish","type":"post","link":"https:\/\/gerardoduque.com.mx\/?p=30528","title":{"rendered":"ENCUENTRO MAYORISTA DE LA INDUSTRIA MUEBLERA SE REALIZA EN SLP"},"content":{"rendered":"\n<p>El Centro de Convenciones de San Luis Potos\u00ed ser\u00e1 sede este 10 y 11 de octubre, de la Exposici\u00f3n de Muebles para el hogar, dirigido a mayoristas de la industria privada de muebles, con la participaci\u00f3n de reconocidas marcas como Mabe, LG, Samsung, entre otras, que promete ser un evento de relevancia que beneficiar\u00e1 a los expositores y enriquecer\u00e1 la oferta comercial de la entidad.<\/p>\n\n\n\n<p>La Exposici\u00f3n de Muebles para el hogar, tendr\u00e1 lugar en Sala B del \u00e1rea de Exposiciones, ubicada en el primer piso del recinto, con un horario de 9:00 a 18:30 horas con una proyecci\u00f3n de asistencia de aproximadamente 800 visitantes.<\/p>\n\n\n\n<p>La titular del Centro de Convenciones, resalt\u00f3 que mediante este tipo de iniciativas la agenda de Gobierno contin\u00faa sumando y posicionando la econom\u00eda local y a San Luis Potos\u00ed como uno de los principales destinos preferentes para la realizaci\u00f3n de ferias y exposiciones de alto impacto que atraen tanto a visitantes locales como for\u00e1neos.<\/p>\n","protected":false},"excerpt":{"rendered":"<p>El Centro de Convenciones de San Luis Potos\u00ed recibe la Exposici\u00f3n de Muebles para el hogar los d\u00edas 10 y 11 de octubre, dirigida a mayoristas<\/p>\n","protected":false},"author":4,"featured_media":30529,"comment_status":"closed","ping_status":"closed","sticky":false,"template":"","format":"standard","meta":{"_et_pb_use_builder":"off","_et_pb_old_content":"","_et_gb_content_width":"","footnotes":""},"categories":[280],"tags":[72,66],"class_list":["post-30528","post","type-post","status-publish","format-standard","has-post-thumbnail","hentry","category-gob-slp","tag-gobierno-del-estado","tag-san-luis-potosi"],"_links":{"self":[{"href":"https:\/\/gerardoduque.com.mx\/index.php?rest_route=\/wp\/v2\/posts\/30528","targetHints":{"allow":["GET"]}}],"collection":[{"href":"https:\/\/gerardoduque.com.mx\/index.php?rest_route=\/wp\/v2\/posts"}],"about":[{"href":"https:\/\/gerardoduque.com.mx\/index.php?rest_route=\/wp\/v2\/types\/post"}],"author":[{"embeddable":true,"href":"https:\/\/gerardoduque.com.mx\/index.php?rest_route=\/wp\/v2\/users\/4"}],"replies":[{"embeddable":true,"href":"https:\/\/gerardoduque.com.mx\/index.php?rest_route=%2Fwp%2Fv2%2Fcomments&post=30528"}],"version-history":[{"count":0,"href":"https:\/\/gerardoduque.com.mx\/index.php?rest_route=\/wp\/v2\/posts\/30528\/revisions"}],"wp:featuredmedia":[{"embeddable":true,"href":"https:\/\/gerardoduque.com.mx\/index.php?rest_route=\/wp\/v2\/media\/30529"}],"wp:attachment":[{"href":"https:\/\/gerardoduque.com.mx\/index.php?rest_route=%2Fwp%2Fv2%2Fmedia&parent=30528"}],"wp:term":[{"taxonomy":"category","embeddable":true,"href":"https:\/\/gerardoduque.com.mx\/index.php?rest_route=%2Fwp%2Fv2%2Fcategories&post=30528"},{"taxonomy":"post_tag","embeddable":true,"href":"https:\/\/gerardoduque.com.mx\/index.php?rest_route=%2Fwp%2Fv2%2Ftags&post=30528"}],"curies":[{"name":"wp","href":"https:\/\/api.w.org\/{rel}","templated":true}]}}