{"id":30525,"date":"2024-10-10T07:04:06","date_gmt":"2024-10-10T13:04:06","guid":{"rendered":"https:\/\/gerardoduque.com.mx\/?p=30525"},"modified":"2024-10-10T07:04:08","modified_gmt":"2024-10-10T13:04:08","slug":"gestionan-dias-de-asueto-para-festividad-de-xantolo","status":"publish","type":"post","link":"https:\/\/gerardoduque.com.mx\/?p=30525","title":{"rendered":"GESTIONAN D\u00cdAS DE ASUETO PARA FESTIVIDAD DE XANTOLO"},"content":{"rendered":"\n<p>Para que los estudiantes participen, vivan y conozcan la cultura y tradici\u00f3n de las festividades de Xantolo junto a sus familias, la Secretar\u00eda de Educaci\u00f3n gestion\u00f3 ante la Federaci\u00f3n como d\u00edas de descanso, el 30, 31 de octubre y primero de noviembre, ante la Secretar\u00eda de Educaci\u00f3n P\u00fablica del Gobierno de M\u00e9xico, para los estudiantes de educaci\u00f3n b\u00e1sica y media superior.<\/p>\n\n\n\n<p>As\u00ed lo inform\u00f3 el titular de la SEGE quien sostuvo una reuni\u00f3n con el secretario de Educaci\u00f3n del Gobierno federal, dando respuesta positiva a dicha solicitud.<\/p>\n\n\n\n<p>A trav\u00e9s de estas gestiones se busca fomentar las tradiciones y costumbres potosinas, generando una identidad cultural en la ni\u00f1ez y la juventud.<\/p>\n\n\n\n<p>Se coment\u00f3 que esta primera visita de acercamiento con la Federaci\u00f3n fue muy importante para San Luis Potos\u00ed, pues, muy pronto, habr\u00e1 buenas noticias para los estudiantes como las becas universales que anunci\u00f3 la Presidenta de M\u00e9xico.<\/p>\n","protected":false},"excerpt":{"rendered":"<p>Tras la gesti\u00f3n de la SEGE, se otorgar\u00e1n tres d\u00edas para fomentar las tradiciones y cultura de la entidad.<\/p>\n","protected":false},"author":4,"featured_media":30526,"comment_status":"closed","ping_status":"closed","sticky":false,"template":"","format":"standard","meta":{"_et_pb_use_builder":"off","_et_pb_old_content":"","_et_gb_content_width":"","footnotes":""},"categories":[280],"tags":[72,66,196],"class_list":["post-30525","post","type-post","status-publish","format-standard","has-post-thumbnail","hentry","category-gob-slp","tag-gobierno-del-estado","tag-san-luis-potosi","tag-sege"],"_links":{"self":[{"href":"https:\/\/gerardoduque.com.mx\/index.php?rest_route=\/wp\/v2\/posts\/30525","targetHints":{"allow":["GET"]}}],"collection":[{"href":"https:\/\/gerardoduque.com.mx\/index.php?rest_route=\/wp\/v2\/posts"}],"about":[{"href":"https:\/\/gerardoduque.com.mx\/index.php?rest_route=\/wp\/v2\/types\/post"}],"author":[{"embeddable":true,"href":"https:\/\/gerardoduque.com.mx\/index.php?rest_route=\/wp\/v2\/users\/4"}],"replies":[{"embeddable":true,"href":"https:\/\/gerardoduque.com.mx\/index.php?rest_route=%2Fwp%2Fv2%2Fcomments&post=30525"}],"version-history":[{"count":0,"href":"https:\/\/gerardoduque.com.mx\/index.php?rest_route=\/wp\/v2\/posts\/30525\/revisions"}],"wp:featuredmedia":[{"embeddable":true,"href":"https:\/\/gerardoduque.com.mx\/index.php?rest_route=\/wp\/v2\/media\/30526"}],"wp:attachment":[{"href":"https:\/\/gerardoduque.com.mx\/index.php?rest_route=%2Fwp%2Fv2%2Fmedia&parent=30525"}],"wp:term":[{"taxonomy":"category","embeddable":true,"href":"https:\/\/gerardoduque.com.mx\/index.php?rest_route=%2Fwp%2Fv2%2Fcategories&post=30525"},{"taxonomy":"post_tag","embeddable":true,"href":"https:\/\/gerardoduque.com.mx\/index.php?rest_route=%2Fwp%2Fv2%2Ftags&post=30525"}],"curies":[{"name":"wp","href":"https:\/\/api.w.org\/{rel}","templated":true}]}}