{"id":30522,"date":"2024-10-10T06:59:50","date_gmt":"2024-10-10T12:59:50","guid":{"rendered":"https:\/\/gerardoduque.com.mx\/?p=30522"},"modified":"2024-10-10T06:59:52","modified_gmt":"2024-10-10T12:59:52","slug":"gobernador-confirma-proyecto-de-nuevo-aeropuerto-de-la-huasteca","status":"publish","type":"post","link":"https:\/\/gerardoduque.com.mx\/?p=30522","title":{"rendered":"GOBERNADOR CONFIRMA PROYECTO DE NUEVO AEROPUERTO DE LA HUASTECA"},"content":{"rendered":"\n<p>La ampliaci\u00f3n del Aeropuerto de la Huasteca en Tamu\u00edn, ser\u00e1 una realidad con el respaldo de la Presidenta de M\u00e9xico, Claudia Sheinbaum Pardo, que permitir\u00e1 llevar m\u00e1s apoyo a las familias de la regi\u00f3n, debido a que el proyecto trae aparejados beneficios adicionales en todos los sentidos, como en infraestructura, ya que se impulsar\u00e1 un moderno bulevar de acceso y diversas acciones en la zona, anunci\u00f3 el Gobernador de San Luis Potos\u00ed, Ricardo Gallardo Cardona.<\/p>\n\n\n\n<p>Al dar a conocer que el nuevo complejo a\u00e9reo va adelante, el Mandatario Estatal se\u00f1al\u00f3 que ya est\u00e1 en pl\u00e1ticas con la Federaci\u00f3n y de la regi\u00f3n, en especial con el alcalde de Tamu\u00edn, a efecto de observar y revisar la solvencia de las obras complementarias, que en el caso del bulevar constar\u00eda de una inversi\u00f3n por alrededor de 80 millones de pesos.&nbsp;&nbsp;&nbsp;&nbsp;&nbsp;<\/p>\n\n\n\n<p>Se indic\u00f3 que el esquema id\u00f3neo ser\u00e1 aportaciones equivalentes o una inversi\u00f3n bipartita al 50 por ciento entre el estado y federaci\u00f3n, o bien tripartita contando al municipio, para lo que analizar\u00e1 a fondo la obtenci\u00f3n de los recursos especialmente de la parte del ayuntamiento, dado que el Estado no tendr\u00eda complicaci\u00f3n con ello.<\/p>\n\n\n\n<p>Se dar\u00e1 cumplimiento al programa de ordenamiento y desarrollo territorial municipal, que plantea viabilidad para el conjunto aeroportuario con obras y acciones extras, lo que destac\u00f3 el jefe del Ejecutivo Estatal, dar\u00e1 un fuerte impulso a la conectividad, a la econom\u00eda de la regi\u00f3n, el comercio, los servicios y el turismo, aunado al transporte y log\u00edstica de mercanc\u00edas.<\/p>\n","protected":false},"excerpt":{"rendered":"<p>El proyecto trae aparejados beneficios adicionales, ya que se impulsar\u00e1 un bulevar de acceso y diversas acciones en la zona.<\/p>\n","protected":false},"author":4,"featured_media":30523,"comment_status":"closed","ping_status":"closed","sticky":false,"template":"","format":"standard","meta":{"_et_pb_use_builder":"off","_et_pb_old_content":"","_et_gb_content_width":"","footnotes":""},"categories":[280],"tags":[72,66],"class_list":["post-30522","post","type-post","status-publish","format-standard","has-post-thumbnail","hentry","category-gob-slp","tag-gobierno-del-estado","tag-san-luis-potosi"],"_links":{"self":[{"href":"https:\/\/gerardoduque.com.mx\/index.php?rest_route=\/wp\/v2\/posts\/30522","targetHints":{"allow":["GET"]}}],"collection":[{"href":"https:\/\/gerardoduque.com.mx\/index.php?rest_route=\/wp\/v2\/posts"}],"about":[{"href":"https:\/\/gerardoduque.com.mx\/index.php?rest_route=\/wp\/v2\/types\/post"}],"author":[{"embeddable":true,"href":"https:\/\/gerardoduque.com.mx\/index.php?rest_route=\/wp\/v2\/users\/4"}],"replies":[{"embeddable":true,"href":"https:\/\/gerardoduque.com.mx\/index.php?rest_route=%2Fwp%2Fv2%2Fcomments&post=30522"}],"version-history":[{"count":0,"href":"https:\/\/gerardoduque.com.mx\/index.php?rest_route=\/wp\/v2\/posts\/30522\/revisions"}],"wp:featuredmedia":[{"embeddable":true,"href":"https:\/\/gerardoduque.com.mx\/index.php?rest_route=\/wp\/v2\/media\/30523"}],"wp:attachment":[{"href":"https:\/\/gerardoduque.com.mx\/index.php?rest_route=%2Fwp%2Fv2%2Fmedia&parent=30522"}],"wp:term":[{"taxonomy":"category","embeddable":true,"href":"https:\/\/gerardoduque.com.mx\/index.php?rest_route=%2Fwp%2Fv2%2Fcategories&post=30522"},{"taxonomy":"post_tag","embeddable":true,"href":"https:\/\/gerardoduque.com.mx\/index.php?rest_route=%2Fwp%2Fv2%2Ftags&post=30522"}],"curies":[{"name":"wp","href":"https:\/\/api.w.org\/{rel}","templated":true}]}}